{"id":689821,"date":"2026-04-28T21:16:05","date_gmt":"2026-04-28T21:16:05","guid":{"rendered":"https:\/\/microscopemedia.com\/?p=689821"},"modified":"2026-04-28T21:16:05","modified_gmt":"2026-04-28T21:16:05","slug":"peter-magyar-intentioneaza-sa-se-intalneasca-cu-presedintele-ucrainei-in-iunie","status":"publish","type":"post","link":"https:\/\/microscopemedia.com\/?p=689821","title":{"rendered":"P\u00e9ter Magyar inten\u021bioneaz\u0103 s\u0103 se \u00eent\u00e2lneasc\u0103 cu pre\u0219edintele Ucrainei \u00een iunie"},"content":{"rendered":"<div><img decoding=\"async\" src=\"https:\/\/microscopemedia.com\/wp-content\/uploads\/2026\/04\/peter-magyar-intentioneaza-sa-se-intalneasca-cu-presedintele-ucrainei-in-iunie.jpg\" class=\"ff-og-image-inserted\"><\/div>\n<p id=\"p-0\">Noul prim-ministru al Ungariei, P\u00e9ter Magyar, a transmis mar\u021bi c\u0103 \u00ee\u0219i dore\u0219te o \u00eent\u00e2lnire cu pre\u0219edintele ucrainean Volodimir Zelenski, pentru a \u201edeschide un nou capitol \u00een rela\u021biile bilaterale\u201d \u0219i a aborda o disput\u0103 dveche privind drepturile etnicilor maghiari din Ucraina, transmite <a href=\"https:\/\/www.euronews.com\/my-europe\/2026\/04\/28\/hungarys-incoming-pm-peter-magyar-offers-to-meet-ukraines-president-in-june\" target=\"_blank\" rel=\"noopener\">Euronews<\/a>.<\/p>\n<p id=\"p-1\">Rela\u021biile dintre cei doi vecini au atins pragul cel mai sc\u0103zut \u00eenainte de alegerile din Ungaria din 12 aprilie, \u00een urma c\u0103rora maghiarii l-au \u00eenvins pe premierul na\u021bionalist, Viktor Orb\u00e1n.<\/p>\n<p id=\"p-2\">Orb\u00e1n, care a fost \u00eenl\u0103turat dup\u0103 16 ani la putere, a folosit \u00een mod repetat puterea de veto a \u021b\u0103rii central-europene pentru a bloca asisten\u021ba financiar\u0103 acordat\u0103 Ucrainei \u0219i aderarea \u021b\u0103rii la UE.<\/p>\n<h2 id=\"chapter-0\">\u00cent\u00e2lnirea, \u00een scopul consolid\u0103rii rela\u021biilor dintre cele dou\u0103 \u021b\u0103ri<\/h2>\n<p id=\"p-3\">\u201eIni\u021biez o \u00eent\u00e2lnire cu pre\u0219edintele ucrainean Volodimir Zelenski la \u00eenceputul lunii iunie, simbolic la Berehove, ora\u0219 majoritar maghiar\u201d, a declarat Magyar, dup\u0103 \u00eent\u00e2lnirea cu primarul ora\u0219ului ucrainean la Budapesta, potrivit aceleia\u0219i surse.<\/p>\n<p id=\"p-4\">\u201eScopul \u00eent\u00e2lnirii este de a contribui la \u00eembun\u0103t\u0103\u021birea situa\u021biei maghiarilor din Transcarpatia \u0219i de a le permite s\u0103 r\u0103m\u00e2n\u0103 \u00een patria lor\u201d, a ad\u0103ugat el, regiune care g\u0103zduie\u0219te o comunitate etnic\u0103 maghiar\u0103 considerabil\u0103.<\/p>\n","protected":false},"excerpt":{"rendered":"<p>Noul prim-ministru al Ungariei, P\u00e9ter Magyar, a transmis mar\u021bi c\u0103 \u00ee\u0219i dore\u0219te o \u00eent\u00e2lnire cu pre\u0219edintele ucrainean Volodimir Zelenski, pentru a \u201edeschide un nou capitol \u00een rela\u021biile bilaterale\u201d \u0219i a &hellip; <a href=\"https:\/\/microscopemedia.com\/?p=689821\" class=\"more-link\">Read More<\/a><\/p>\n","protected":false},"author":1,"featured_media":689822,"comment_status":"closed","ping_status":"closed","sticky":false,"template":"Default","format":"standard","meta":[],"categories":[1],"tags":[],"_links":{"self":[{"href":"https:\/\/microscopemedia.com\/index.php?rest_route=\/wp\/v2\/posts\/689821"}],"collection":[{"href":"https:\/\/microscopemedia.com\/index.php?rest_route=\/wp\/v2\/posts"}],"about":[{"href":"https:\/\/microscopemedia.com\/index.php?rest_route=\/wp\/v2\/types\/post"}],"author":[{"embeddable":true,"href":"https:\/\/microscopemedia.com\/index.php?rest_route=\/wp\/v2\/users\/1"}],"replies":[{"embeddable":true,"href":"https:\/\/microscopemedia.com\/index.php?rest_route=%2Fwp%2Fv2%2Fcomments&post=689821"}],"version-history":[{"count":0,"href":"https:\/\/microscopemedia.com\/index.php?rest_route=\/wp\/v2\/posts\/689821\/revisions"}],"wp:featuredmedia":[{"embeddable":true,"href":"https:\/\/microscopemedia.com\/index.php?rest_route=\/wp\/v2\/media\/689822"}],"wp:attachment":[{"href":"https:\/\/microscopemedia.com\/index.php?rest_route=%2Fwp%2Fv2%2Fmedia&parent=689821"}],"wp:term":[{"taxonomy":"category","embeddable":true,"href":"https:\/\/microscopemedia.com\/index.php?rest_route=%2Fwp%2Fv2%2Fcategories&post=689821"},{"taxonomy":"post_tag","embeddable":true,"href":"https:\/\/microscopemedia.com\/index.php?rest_route=%2Fwp%2Fv2%2Ftags&post=689821"}],"curies":[{"name":"wp","href":"https:\/\/api.w.org\/{rel}","templated":true}]}}