{"id":689827,"date":"2026-04-28T21:46:04","date_gmt":"2026-04-28T21:46:04","guid":{"rendered":"https:\/\/microscopemedia.com\/?p=689827"},"modified":"2026-04-28T21:46:04","modified_gmt":"2026-04-28T21:46:04","slug":"ciprian-ciucu-nu-avem-un-split-ci-un-sistem-ticalosit-si-o-miscare-reformista","status":"publish","type":"post","link":"https:\/\/microscopemedia.com\/?p=689827","title":{"rendered":"Ciprian Ciucu: Nu avem un \u201esplit\u201d, ci un sistem tic\u0103lo\u0219it \u0219i o mi\u0219care reformist\u0103"},"content":{"rendered":"<div><img decoding=\"async\" src=\"https:\/\/microscopemedia.com\/wp-content\/uploads\/2026\/04\/ciprian-ciucu-nu-avem-un-split-ci-un-sistem-ticalosit-si-o-miscare-reformista.jpg\" class=\"ff-og-image-inserted\"><\/div>\n<p id=\"p-0\">\u201eNu avem un \u2018split\u2019. Avem un sistem tic\u0103lo\u0219it care face totul pentru a-\u0219i p\u0103stra puterea, privilegiile \u0219i banii pe seama rom\u00e2nilor \u0219i avem o mi\u015fcare reformist\u0103 care \u00eencearc\u0103 s\u0103 \u021bin\u0103 \u021bara pe linia de plutire\u201d, a transmis Ciucu pe <a href=\"https:\/\/www.facebook.com\/ciprian.ciucu\/posts\/pfbid02qXtEP9xevYzHZ5VDLCsUSQLApWdnZxyPPhbwTXewzr9w4yBmacGtmkBm3FWxE8ifl\" target=\"_blank\" rel=\"noopener\">Facebook<\/a>.<\/p>\n<p id=\"p-1\">Ciucu a ad\u0103ugat c\u0103 nu vede o dilem\u0103 moral\u0103 \u00een aceast\u0103 \u00eemp\u0103r\u021bire.<\/p>\n<p id=\"p-2\">\u201eUnde este dilema moral\u0103, c\u0103 eu nu o v\u0103d? Acesta e \u2018split-ul\u2019. \u2018Pro-european\u2019 se refer\u0103 la categoria a doua, cea cu linia de plutire\u201d.<\/p>\n<p id=\"p-3\">Declara\u021bia vine dup\u0103 ce pre\u0219edintele <a href=\"https:\/\/www.mediafax.ro\/stirile-zilei\/noi-avansam-in-scenarii-ce-spune-nicusor-dan-despre-alegerile-anticipate-23728096\">Nicu\u0219or Dan<\/a> a spus, mar\u021bi, la Dubrovnik, c\u0103 \u00een politica rom\u00e2neasc\u0103 exist\u0103 \u201eun split al celor dou\u0103 direc\u021bii proeuropene\u201d, \u00een contextul tensiunilor generate de mo\u021biunea de cenzur\u0103 depus\u0103 \u00een Parlament.<\/p>\n<p id=\"p-4\">\u0218eful statului a precizat c\u0103 \u201efa\u021b\u0103 de mo\u021biune, este un act administrativ, \u00eemi p\u0103strez echidistan\u021ba\u201d.<\/p>\n<p id=\"p-5\">Este \u201eextrem de improbabil ca PSD s\u0103 fac\u0103 guvern cu AUR, a\u0219a cum a declarat si pre\u0219edintele PSD. Trebuie s\u0103-i luam \u00een serios\u201d, a mai spus Nicu\u0219or Dan.<\/p>\n","protected":false},"excerpt":{"rendered":"<p>\u201eNu avem un \u2018split\u2019. Avem un sistem tic\u0103lo\u0219it care face totul pentru a-\u0219i p\u0103stra puterea, privilegiile \u0219i banii pe seama rom\u00e2nilor \u0219i avem o mi\u015fcare reformist\u0103 care \u00eencearc\u0103 s\u0103 \u021bin\u0103 &hellip; <a href=\"https:\/\/microscopemedia.com\/?p=689827\" class=\"more-link\">Read More<\/a><\/p>\n","protected":false},"author":1,"featured_media":689828,"comment_status":"closed","ping_status":"closed","sticky":false,"template":"Default","format":"standard","meta":[],"categories":[1],"tags":[],"_links":{"self":[{"href":"https:\/\/microscopemedia.com\/index.php?rest_route=\/wp\/v2\/posts\/689827"}],"collection":[{"href":"https:\/\/microscopemedia.com\/index.php?rest_route=\/wp\/v2\/posts"}],"about":[{"href":"https:\/\/microscopemedia.com\/index.php?rest_route=\/wp\/v2\/types\/post"}],"author":[{"embeddable":true,"href":"https:\/\/microscopemedia.com\/index.php?rest_route=\/wp\/v2\/users\/1"}],"replies":[{"embeddable":true,"href":"https:\/\/microscopemedia.com\/index.php?rest_route=%2Fwp%2Fv2%2Fcomments&post=689827"}],"version-history":[{"count":0,"href":"https:\/\/microscopemedia.com\/index.php?rest_route=\/wp\/v2\/posts\/689827\/revisions"}],"wp:featuredmedia":[{"embeddable":true,"href":"https:\/\/microscopemedia.com\/index.php?rest_route=\/wp\/v2\/media\/689828"}],"wp:attachment":[{"href":"https:\/\/microscopemedia.com\/index.php?rest_route=%2Fwp%2Fv2%2Fmedia&parent=689827"}],"wp:term":[{"taxonomy":"category","embeddable":true,"href":"https:\/\/microscopemedia.com\/index.php?rest_route=%2Fwp%2Fv2%2Fcategories&post=689827"},{"taxonomy":"post_tag","embeddable":true,"href":"https:\/\/microscopemedia.com\/index.php?rest_route=%2Fwp%2Fv2%2Ftags&post=689827"}],"curies":[{"name":"wp","href":"https:\/\/api.w.org\/{rel}","templated":true}]}}