{"id":689829,"date":"2026-04-28T21:56:04","date_gmt":"2026-04-28T21:56:04","guid":{"rendered":"https:\/\/microscopemedia.com\/?p=689829"},"modified":"2026-04-28T21:56:04","modified_gmt":"2026-04-28T21:56:04","slug":"statele-unite-vor-emite-pasapoarte-cu-fotografia-lui-trump-pentru-a-marca-cea-de-a-250-a-aniversare-a-americii","status":"publish","type":"post","link":"https:\/\/microscopemedia.com\/?p=689829","title":{"rendered":"Statele Unite vor emite pa\u0219apoarte cu fotografia lui Trump pentru a marca cea de-a 250-a aniversare a Americii"},"content":{"rendered":"<div><img decoding=\"async\" src=\"https:\/\/microscopemedia.com\/wp-content\/uploads\/2026\/04\/statele-unite-vor-emite-pasapoarte-cu-fotografia-lui-trump-pentru-a-marca-cea-de-a-250-a-aniversare-a-americii.png\" class=\"ff-og-image-inserted\"><\/div>\n<p id=\"p-0\">Oficialul a precizat c\u0103 pa\u0219aportul \u201eva fi modelul standard emis de Agen\u021bia de Pa\u0219apoarte din Washington, odat\u0103 ce va fi disponibil\u201d pentru cei care \u00ee\u0219i re\u00eennoiesc pa\u0219apoartele personal la acea loca\u021bie, potrivit <a href=\"https:\/\/edition.cnn.com\/2026\/04\/28\/politics\/us-trump-passport\" target=\"_blank\" rel=\"noopener\">CNN<\/a>.<\/p>\n<p id=\"p-1\">\u201eOp\u021biunile online sau alte loca\u021bii vor p\u0103stra designul actual al pa\u0219aportului\u201d, a spus oficialul.<\/p>\n<p id=\"p-2\">Prezen\u021ba chipului lui Trump \u00een pa\u0219apoartele americane este cel mai recent \u2013 \u0219i cel mai semnificativ \u2013 exemplu de utilizare a imaginii sale pentru un obiect despre care se spune c\u0103 comemoreaz\u0103 cea de-a 250-a aniversare a independen\u021bei SUA.<\/p>\n<p id=\"p-3\">Spre deosebire de o moned\u0103 comemorativ\u0103 sau de un permis de acces \u00een parcurile na\u021bionale, pa\u0219aportul american este o form\u0103 de identificare recunoscut\u0103 la nivel interna\u021bional, care este de obicei valabil\u0103 timp de 10 ani.<\/p>\n<h2 id=\"chapter-0\">\u201eUnul dintre cele mai sigure documente din lume\u201d<\/h2>\n<p id=\"p-4\">Conform unei machete a pa\u0219aportului, chipul lui Trump \u0219i semn\u0103tura sa \u00een aur vor ap\u0103rea pe coperta interioar\u0103.<\/p>\n<p id=\"p-5\">\u201ePe m\u0103sur\u0103 ce Statele Unite s\u0103rb\u0103toresc cea de-a 250-a aniversare a Americii \u00een iulie, Departamentul de Stat se preg\u0103te\u0219te s\u0103 lanseze un num\u0103r limitat de pa\u0219apoarte americane special concepute pentru a comemora aceast\u0103 ocazie istoric\u0103\u201d, a declarat mar\u021bi purt\u0103torul de cuv\u00e2nt al Departamentului de Stat, Tommy Pigott.<\/p>\n<p id=\"p-6\">\u201eAceste pa\u0219apoarte vor avea ilustra\u021bii personalizate \u0219i imagini \u00eembun\u0103t\u0103\u021bite, p\u0103str\u00e2nd \u00een acela\u0219i timp acelea\u0219i caracteristici de securitate care fac din pa\u0219aportul american unul dintre cele mai sigure documente din lume\u201d, a spus el.<\/p>\n<p id=\"p-7\">\u0218tirea a fost raportat\u0103 pentru prima dat\u0103 de The Bulwark, iar Fox News a publicat prima dat\u0103 o machet\u0103 a noului pa\u0219aport.<\/p>\n<h2 id=\"chapter-1\">Pa\u0219apoartele, eliberate \u00een aceast\u0103 var\u0103<\/h2>\n<p id=\"p-8\">Departamentul de Stat va \u00eencepe s\u0103 elibereze pa\u0219apoartele \u00een aceast\u0103 var\u0103. Nu este clar c\u00e2te vor fi eliberate.<\/p>\n<p id=\"p-9\">Conform machetei pa\u0219aportului, pe coperta din spate va ap\u0103rea o imagine din tabloul \u201eDeclara\u021bia de Independen\u021b\u0103\u201d al lui John Trumbull.<\/p>\n<p id=\"p-10\">\u00cen prezent, pe coperta interioar\u0103 din fa\u021b\u0103 a pa\u0219apoartelor americane apare o imagine din tabloul lui Percy Moran care \u00eel \u00eenf\u0103\u021bi\u0219eaz\u0103 pe Francis Scott Key \u00een diminea\u021ba de dup\u0103 bombardamentul Fortului McHenry \u2013 b\u0103t\u0103lia care l-a inspirat pe Key s\u0103 scrie ceea ce avea s\u0103 devin\u0103 imnul na\u021bional al SUA. Versuri din imn sunt, de asemenea, tip\u0103rite pe coperta interioar\u0103 din fa\u021b\u0103.<\/p>\n<p id=\"p-11\">Departamentul de Interne, care supravegheaz\u0103 parcurile na\u021bionale, a anun\u021bat anul trecut c\u0103 va dezv\u0103lui \u201enoi modele comemorative\u201d pentru permisele de acces \u00een parcuri, unul dintre acestea prezent\u00e2nd chipul lui Trump al\u0103turi de cel al lui George Washington.<\/p>\n<p id=\"p-12\">\u201eEste o onoare pentru departament s\u0103 prezinte permisul America the Beautiful, care onoreaz\u0103 cea de-a 250-a aniversare a Americii \u0219i genera\u021biile care au protejat teritoriile noastre\u201d, a declarat secretarul Doug Burgum \u00eentr-un videoclip postat pe site-ul departamentului.<\/p>\n<p id=\"p-13\">Iar luna trecut\u0103, Comisia de Arte Plastice, aleas\u0103 personal de Trump, a votat \u00een favoarea aprob\u0103rii unei monede comemorative pentru cea de-a 250-a aniversare a Statelor Unite, pe care apare chipul pre\u0219edintelui.<\/p>\n<p id=\"p-14\">Anul trecut, numele lui Trump a fost, de asemenea, atribuit at\u00e2t Centrului Kennedy, c\u00e2t \u0219i Institutului American pentru Pace.<\/p>\n","protected":false},"excerpt":{"rendered":"<p>Oficialul a precizat c\u0103 pa\u0219aportul \u201eva fi modelul standard emis de Agen\u021bia de Pa\u0219apoarte din Washington, odat\u0103 ce va fi disponibil\u201d pentru cei care \u00ee\u0219i re\u00eennoiesc pa\u0219apoartele personal la acea &hellip; <a href=\"https:\/\/microscopemedia.com\/?p=689829\" class=\"more-link\">Read More<\/a><\/p>\n","protected":false},"author":1,"featured_media":689830,"comment_status":"closed","ping_status":"closed","sticky":false,"template":"Default","format":"standard","meta":[],"categories":[1],"tags":[],"_links":{"self":[{"href":"https:\/\/microscopemedia.com\/index.php?rest_route=\/wp\/v2\/posts\/689829"}],"collection":[{"href":"https:\/\/microscopemedia.com\/index.php?rest_route=\/wp\/v2\/posts"}],"about":[{"href":"https:\/\/microscopemedia.com\/index.php?rest_route=\/wp\/v2\/types\/post"}],"author":[{"embeddable":true,"href":"https:\/\/microscopemedia.com\/index.php?rest_route=\/wp\/v2\/users\/1"}],"replies":[{"embeddable":true,"href":"https:\/\/microscopemedia.com\/index.php?rest_route=%2Fwp%2Fv2%2Fcomments&post=689829"}],"version-history":[{"count":0,"href":"https:\/\/microscopemedia.com\/index.php?rest_route=\/wp\/v2\/posts\/689829\/revisions"}],"wp:featuredmedia":[{"embeddable":true,"href":"https:\/\/microscopemedia.com\/index.php?rest_route=\/wp\/v2\/media\/689830"}],"wp:attachment":[{"href":"https:\/\/microscopemedia.com\/index.php?rest_route=%2Fwp%2Fv2%2Fmedia&parent=689829"}],"wp:term":[{"taxonomy":"category","embeddable":true,"href":"https:\/\/microscopemedia.com\/index.php?rest_route=%2Fwp%2Fv2%2Fcategories&post=689829"},{"taxonomy":"post_tag","embeddable":true,"href":"https:\/\/microscopemedia.com\/index.php?rest_route=%2Fwp%2Fv2%2Ftags&post=689829"}],"curies":[{"name":"wp","href":"https:\/\/api.w.org\/{rel}","templated":true}]}}