{"id":689835,"date":"2026-04-28T23:56:04","date_gmt":"2026-04-28T23:56:04","guid":{"rendered":"https:\/\/microscopemedia.com\/?p=689835"},"modified":"2026-04-28T23:56:04","modified_gmt":"2026-04-28T23:56:04","slug":"visele-tale-nu-sunt-intamplatoare-cercetatorii-au-descoperit-legaturi-cu-pandemia-de-covid-19","status":"publish","type":"post","link":"https:\/\/microscopemedia.com\/?p=689835","title":{"rendered":"Visele tale nu sunt \u00eent\u00e2mpl\u0103toare. Cercet\u0103torii au descoperit leg\u0103turi cu pandemia de COVID-19"},"content":{"rendered":"<div><img decoding=\"async\" src=\"https:\/\/microscopemedia.com\/wp-content\/uploads\/2026\/04\/visele-tale-nu-sunt-intamplatoare-cercetatorii-au-descoperit-legaturi-cu-pandemia-de-covid-19.jpg\" class=\"ff-og-image-inserted\"><\/div>\n<p id=\"p-0\">Studiul a examinat peste 3.700 de rapoarte care descriu at\u00e2t visele, c\u00e2t \u0219i experien\u021bele din starea de veghe ale a 287 de participan\u021bi cu v\u00e2rste cuprinse \u00eentre 18 \u0219i 70 de ani, potrivit<a href=\"https:\/\/www.sciencedaily.com\/releases\/2026\/04\/260428045538.htm\" target=\"_blank\" rel=\"noopener\"> ScienceDaily<\/a>.<\/p>\n<p id=\"p-1\">Pe parcursul a dou\u0103 s\u0103pt\u0103m\u00e2ni, participan\u021bii au \u021binut jurnale zilnice ale experien\u021belor lor. \u00cen acela\u0219i timp, cercet\u0103torii au colectat date detaliate despre obiceiurile de somn, abilit\u0103\u021bile cognitive, tr\u0103s\u0103turile de personalitate \u0219i profilurile psihologice.<\/p>\n<h2 id=\"chapter-0\">IA dezv\u0103luie structura ascuns\u0103 a viselor<\/h2>\n<p id=\"p-2\">Pentru a analiza acest set de date de mari dimensiuni, cercet\u0103torii au folosit instrumente avansate de procesare a limbajului natural (NLP).<\/p>\n<p id=\"p-3\">Aceste metode le-au permis s\u0103 studieze semnifica\u021bia \u0219i structura descrierilor viselor \u00eentr-un mod sistematic. Rezultatele au ar\u0103tat c\u0103 visele nu sunt aleatorii sau haotice.<\/p>\n<p id=\"p-4\">\u00cen schimb, ele reflect\u0103 o interac\u021biune complex\u0103 \u00eentre caracteristicile individuale, precum tendin\u021ba de a divaga cu mintea, interesul pentru vise \u0219i calitatea somnului, \u0219i influen\u021bele externe, inclusiv evenimente sociale majore precum pandemia de COVID-19.<\/p>\n<p id=\"p-5\">Compar\u00e2nd modul \u00een care participan\u021bii \u0219i-au descris experien\u021bele zilnice \u0219i visele, cercet\u0103torii au descoperit c\u0103 creierul nu se limiteaz\u0103 la a reda via\u021ba din starea de veghe \u00een timpul somnului. \u00cen schimb, el remodeleaz\u0103 acele experien\u021be.<\/p>\n<p id=\"p-6\">Cadrele familiare, precum locurile de munc\u0103, spitalele sau \u0219colile, nu sunt reproduse exact. Ele sunt reimaginate \u00een scene vii \u0219i captivante, care combin\u0103 adesea elemente diferite \u0219i schimb\u0103 perspectivele \u00een moduri nea\u0219teptate.<\/p>\n<p id=\"p-7\">Acest proces sugereaz\u0103 c\u0103 visele reconstruiesc activ realitatea, mai degrab\u0103 dec\u00e2t s\u0103 o reflecte pasiv. Creierul amestec\u0103 amintirile cu evenimente imaginate sau anticipate, cre\u00e2nd scenarii noi \u0219i uneori suprarealiste.<\/p>\n<h2 id=\"chapter-1\">Personalitatea \u0219i evenimentele din via\u021b\u0103 influen\u021beaz\u0103 stilul viselor<\/h2>\n<p id=\"p-8\">Nu toat\u0103 lumea viseaz\u0103 \u00een acela\u0219i mod. Persoanele care tind s\u0103-\u0219i lase mintea s\u0103 r\u0103t\u0103ceasc\u0103 au raportat mai des vise fragmentate \u0219i \u00een continu\u0103 schimbare.<\/p>\n<p id=\"p-9\">\u00cen schimb, cei care acord\u0103 o importan\u021b\u0103 mai mare viselor \u0219i cred c\u0103 acestea au un \u00een\u021beles au avut tendin\u021ba de a experimenta medii de vis mai bogate \u0219i mai captivante.<\/p>\n<p id=\"p-10\">Studiul a examinat, de asemenea, modul \u00een care evenimentele de amploare afecteaz\u0103 visarea. Datele colectate \u00een timpul carantinei impuse de COVID-19 de c\u0103tre cercet\u0103tori \u0219i comparate ulterior au ar\u0103tat c\u0103 visele din timpul carantinei erau mai intense din punct de vedere emo\u021bional \u0219i includeau frecvent teme legate de restric\u021bii \u0219i limit\u0103ri.<\/p>\n<p id=\"p-11\">Pe m\u0103sur\u0103 ce timpul a trecut \u0219i oamenii s-au adaptat, aceste tipare s-au estompat treptat, suger\u00e2nd c\u0103 con\u021binutul viselor evolueaz\u0103 odat\u0103 cu adaptarea psihologic\u0103 la schimb\u0103rile majore din via\u021b\u0103.<\/p>\n","protected":false},"excerpt":{"rendered":"<p>Studiul a examinat peste 3.700 de rapoarte care descriu at\u00e2t visele, c\u00e2t \u0219i experien\u021bele din starea de veghe ale a 287 de participan\u021bi cu v\u00e2rste cuprinse \u00eentre 18 \u0219i 70 &hellip; <a href=\"https:\/\/microscopemedia.com\/?p=689835\" class=\"more-link\">Read More<\/a><\/p>\n","protected":false},"author":1,"featured_media":689836,"comment_status":"closed","ping_status":"closed","sticky":false,"template":"Default","format":"standard","meta":[],"categories":[1],"tags":[],"_links":{"self":[{"href":"https:\/\/microscopemedia.com\/index.php?rest_route=\/wp\/v2\/posts\/689835"}],"collection":[{"href":"https:\/\/microscopemedia.com\/index.php?rest_route=\/wp\/v2\/posts"}],"about":[{"href":"https:\/\/microscopemedia.com\/index.php?rest_route=\/wp\/v2\/types\/post"}],"author":[{"embeddable":true,"href":"https:\/\/microscopemedia.com\/index.php?rest_route=\/wp\/v2\/users\/1"}],"replies":[{"embeddable":true,"href":"https:\/\/microscopemedia.com\/index.php?rest_route=%2Fwp%2Fv2%2Fcomments&post=689835"}],"version-history":[{"count":0,"href":"https:\/\/microscopemedia.com\/index.php?rest_route=\/wp\/v2\/posts\/689835\/revisions"}],"wp:featuredmedia":[{"embeddable":true,"href":"https:\/\/microscopemedia.com\/index.php?rest_route=\/wp\/v2\/media\/689836"}],"wp:attachment":[{"href":"https:\/\/microscopemedia.com\/index.php?rest_route=%2Fwp%2Fv2%2Fmedia&parent=689835"}],"wp:term":[{"taxonomy":"category","embeddable":true,"href":"https:\/\/microscopemedia.com\/index.php?rest_route=%2Fwp%2Fv2%2Fcategories&post=689835"},{"taxonomy":"post_tag","embeddable":true,"href":"https:\/\/microscopemedia.com\/index.php?rest_route=%2Fwp%2Fv2%2Ftags&post=689835"}],"curies":[{"name":"wp","href":"https:\/\/api.w.org\/{rel}","templated":true}]}}