{"id":689839,"date":"2026-04-29T01:36:03","date_gmt":"2026-04-29T01:36:03","guid":{"rendered":"https:\/\/microscopemedia.com\/?p=689839"},"modified":"2026-04-29T01:36:03","modified_gmt":"2026-04-29T01:36:03","slug":"un-barbat-a-fost-condamnat-la-7-ani-de-inchisoare-pentru-tentativa-de-incendiere-a-unei-sinagogi-din-cehia","status":"publish","type":"post","link":"https:\/\/microscopemedia.com\/?p=689839","title":{"rendered":"Un b\u0103rbat a fost condamnat la 7 ani de \u00eenchisoare pentru tentativ\u0103 de incendiere a unei sinagogi din Cehia"},"content":{"rendered":"<div><img decoding=\"async\" src=\"https:\/\/microscopemedia.com\/wp-content\/uploads\/2026\/04\/un-barbat-a-fost-condamnat-la-7-ani-de-inchisoare-pentru-tentativa-de-incendiere-a-unei-sinagogi-din-cehia.png\" class=\"ff-og-image-inserted\"><\/div>\n<p id=\"p-0\">Inculpatul era unul dintre cei doi adolescen\u021bi sub 18 ani care au \u00eencercat s\u0103 incendieze o sinagog\u0103 din Brno \u00een ianuarie 2024, folosind un dispozitiv improvizat, potrivit AP.<\/p>\n<p id=\"p-1\">Ace\u0219tia au \u00eencercat, de asemenea, s\u0103 ucid\u0103 o persoan\u0103, care a supravie\u021buit atacului.<\/p>\n<p id=\"p-2\">B\u0103rbatul condamnat, care are acum 20 de ani, a primit, de asemenea, o pedeaps\u0103 de doi ani de \u00eenchisoare pentru promovarea terorismului, fapt\u0103 pe care a comis-o dup\u0103 ce a \u00eemplinit v\u00e2rsta de 18 ani.<\/p>\n<p id=\"p-3\">Complicele s\u0103u nu avea v\u00e2rsta necesar\u0103 pentru a fi judecat \u00een instan\u021b\u0103, procesul desf\u0103\u0219ur\u00e2ndu-se cu u\u0219ile \u00eenchise.<\/p>\n<p id=\"p-4\">Cei doi f\u0103ceau parte dintr-un grup de cinci adolescen\u021bi care au fost aresta\u021bi anul trecut dup\u0103 ce, potrivit autorit\u0103\u021bilor cehe, ar fi fost radicaliza\u021bi online de gruparea militant\u0103 Statul Islamic.<\/p>\n<p id=\"p-5\">Cei cinci promovau pe re\u021belele de socializare con\u021binut care incita la ur\u0103 \u00eempotriva minorit\u0103\u021bilor, comunit\u0103\u021bii LGBTQ+ \u0219i evreilor, au declarat oficialii.<\/p>\n<p id=\"p-6\">\u00cen timpul raidurilor efectuate \u00een Cehia \u0219i Austria, poli\u021bia a confiscat c\u00e2teva arme, precum cu\u021bite, macete, topoare \u0219i pistoale cu gaz.<\/p>\n<p id=\"p-7\">De asemenea, s-a spus c\u0103 adolescen\u021bii ar fi fost implica\u021bi \u00een grupuri online care recrutau lupt\u0103tori pentru militan\u021bii IS din Siria \u0219i \u00eemp\u0103rt\u0103\u0219eau o fascina\u021bie pentru violen\u021b\u0103 \u0219i ur\u0103 \u00eempotriva evreilor, persoanelor LGBTQ+ \u0219i altora, au declarat oficialii.<\/p>\n<p id=\"p-8\">Ancheta a implicat autorit\u0103\u021bile cehe \u0219i omologii din Austria, Marea Britanie \u0219i Slovacia, precum \u0219i agen\u021bia de aplicare a legii a Uniunii Europene, Europol.<\/p>\n","protected":false},"excerpt":{"rendered":"<p>Inculpatul era unul dintre cei doi adolescen\u021bi sub 18 ani care au \u00eencercat s\u0103 incendieze o sinagog\u0103 din Brno \u00een ianuarie 2024, folosind un dispozitiv improvizat, potrivit AP. Ace\u0219tia au &hellip; <a href=\"https:\/\/microscopemedia.com\/?p=689839\" class=\"more-link\">Read More<\/a><\/p>\n","protected":false},"author":1,"featured_media":689840,"comment_status":"closed","ping_status":"closed","sticky":false,"template":"Default","format":"standard","meta":[],"categories":[1],"tags":[],"_links":{"self":[{"href":"https:\/\/microscopemedia.com\/index.php?rest_route=\/wp\/v2\/posts\/689839"}],"collection":[{"href":"https:\/\/microscopemedia.com\/index.php?rest_route=\/wp\/v2\/posts"}],"about":[{"href":"https:\/\/microscopemedia.com\/index.php?rest_route=\/wp\/v2\/types\/post"}],"author":[{"embeddable":true,"href":"https:\/\/microscopemedia.com\/index.php?rest_route=\/wp\/v2\/users\/1"}],"replies":[{"embeddable":true,"href":"https:\/\/microscopemedia.com\/index.php?rest_route=%2Fwp%2Fv2%2Fcomments&post=689839"}],"version-history":[{"count":0,"href":"https:\/\/microscopemedia.com\/index.php?rest_route=\/wp\/v2\/posts\/689839\/revisions"}],"wp:featuredmedia":[{"embeddable":true,"href":"https:\/\/microscopemedia.com\/index.php?rest_route=\/wp\/v2\/media\/689840"}],"wp:attachment":[{"href":"https:\/\/microscopemedia.com\/index.php?rest_route=%2Fwp%2Fv2%2Fmedia&parent=689839"}],"wp:term":[{"taxonomy":"category","embeddable":true,"href":"https:\/\/microscopemedia.com\/index.php?rest_route=%2Fwp%2Fv2%2Fcategories&post=689839"},{"taxonomy":"post_tag","embeddable":true,"href":"https:\/\/microscopemedia.com\/index.php?rest_route=%2Fwp%2Fv2%2Ftags&post=689839"}],"curies":[{"name":"wp","href":"https:\/\/api.w.org\/{rel}","templated":true}]}}