{"id":689855,"date":"2026-04-29T05:06:03","date_gmt":"2026-04-29T05:06:03","guid":{"rendered":"https:\/\/microscopemedia.com\/?p=689855"},"modified":"2026-04-29T05:06:03","modified_gmt":"2026-04-29T05:06:03","slug":"raport-valuri-de-caldura-fara-precedent-in-aproape-toata-europa-in-2025-expert-schimbarile-climatice-sunt-realitatea-noastra-actuala","status":"publish","type":"post","link":"https:\/\/microscopemedia.com\/?p=689855","title":{"rendered":"Raport: Valuri de c\u0103ldur\u0103 f\u0103r\u0103 precedent \u00een aproape toat\u0103 Europa, \u00een 2025. Expert: Schimb\u0103rile climatice sunt realitatea noastr\u0103 actual\u0103"},"content":{"rendered":"<div><img decoding=\"async\" src=\"https:\/\/microscopemedia.com\/wp-content\/uploads\/2026\/04\/raport-valuri-de-caldura-fara-precedent-in-aproape-toata-europa-in-2025-expert-schimbarile-climatice-sunt-realitatea-noastra-actuala.jpg\" class=\"ff-og-image-inserted\"><\/div>\n<p id=\"p-0\">Raportul, realizat de Centrul European pentru Prognoze Meteorologice pe Termen Mediu \u0219i de <span><a href=\"https:\/\/wmo.int\/news\/media-centre\/european-state-of-climate-2025-record-heatwaves-from-mediterranean-arctic-while-glaciers-shrink-and\" target=\"_blank\" rel=\"noopener\">Organiza\u021bia Meteorologic\u0103 Mondial\u0103<\/a><\/span> (OMM) \u0219i intitulat \u201eStarea climei \u00een Europa\u201d, ofer\u0103 o imagine de ansamblu asupra schimb\u0103rilor cheie ale indicatorilor climatici.<\/p>\n<p id=\"p-1\">Concret, cel pu\u021bin 95% din Europa a \u00eenregistrat temperaturi anuale peste medie \u00een 2025. \u00cen acest context, ghe\u021barii din toate regiunile europene au \u00eenregistrat o pierdere net\u0103 de mas\u0103.<\/p>\n<p id=\"p-2\">\u00cen 2025, stratul de z\u0103pad\u0103 a fost cu 31 % sub medie, iar calota glaciar\u0103 a Groenlandei a pierdut 139 de milioane de tone de ghea\u021b\u0103 \u2013 aproximativ de 1,5 ori volumul stocat \u00een to\u021bi ghe\u021barii din Alpii europeni.<\/p>\n<p id=\"p-3\">\u00cen plus, pe fondul agrav\u0103rii schimb\u0103rilor climatice, temperatura anual\u0103 a suprafe\u021bei m\u0103rii pentru regiunea european\u0103 a fost cea mai ridicat\u0103 \u00eenregistrat\u0103 vreodat\u0103.<\/p>\n<p id=\"p-4\">Pe de alt\u0103 parte, incendiile forestiere au distrus peste 1 milion de hectare de teren \u2013 o suprafa\u0163\u0103 mai mare dec\u00e2t Cipru \u0219i cea mai mare suprafa\u021b\u0103 \u00eenregistrat\u0103 vreodat\u0103 -, iar 70% dintre r\u00e2uri au \u00eenregistrat debite anuale sub medie.<\/p>\n<h2 id=\"chapter-0\">\u00cenc\u0103lzire rapid\u0103 inclusiv \u00een cele mai reci regiuni ale Europei<\/h2>\n<p id=\"p-5\">Raportul mai subliniaz\u0103 c\u0103 inclusiv \u00een regiunile cele mai reci ale Europei, inclusiv \u00een Arctica \u0219i \u00een Alpi, exist\u0103 o tendin\u021b\u0103 continu\u0103 de \u00eenc\u0103lzire rapid\u0103.<\/p>\n<p id=\"p-6\">\u00cen luna iulie 2025, temperaturile din apropierea \u0219i din interiorul Cercului Polar Arctic au dep\u0103\u0219it chiar \u0219i 30\u00b0C, ating\u00e2nd un maxim de 34,9\u00b0C \u00een Frosta, Norvegia. \u00cen plus, temperaturile minime au fost \u0219i ele peste medie pentru cea mai mare parte a anului.<\/p>\n<p id=\"p-7\">\u201eRaportul prezint\u0103 o imagine sumbr\u0103: ritmul schimb\u0103rilor climatice necesit\u0103 ac\u021biuni mai urgente. Av\u00e2nd \u00een vedere cre\u0219terea temperaturilor, precum \u0219i incendiile de p\u0103dure \u0219i seceta pe scar\u0103 larg\u0103, dovezile sunt f\u0103r\u0103 echivoc. Schimb\u0103rile climatice nu reprezint\u0103 o amenin\u021bare viitoare, ci realitatea noastr\u0103 actual\u0103. Pentru a face fa\u021b\u0103 impactului asupra pierderii biodiversit\u0103\u021bii, trebuie s\u0103 ne adapt\u0103m la viteza cu care se produce tranzi\u021bia c\u0103tre energia curat\u0103 \u0219i, \u00een acela\u0219i timp, s\u0103 ne asigur\u0103m c\u0103 \u0219tiin\u021ba solid\u0103 continu\u0103 s\u0103 stea la baza politicilor \u0219i deciziilor noastre\u201d, a spus Samantha Burgess, coordonatoare strategic\u0103 pentru clim\u0103 la Centrul European pentru Prognoze Meteorologice pe Termen Mediu.<\/p>\n<p id=\"p-8\">Raportul a mai eviden\u021biat \u0219i faptul c\u0103 Norvegia, Suedia \u015fi Finlanda, \u0163\u0103ri subarctice, au \u00eenregistrat \u00een iulie anul trecut cel mai puternic val de c\u0103ldur\u0103 din istorie, care a durat trei s\u0103pt\u0103m\u00e2ni consecutive, \u00een timp ce Islanda a \u00eenregistrat a doua cea mai mare pierdere de ghe\u021bari din istorie.<\/p>\n","protected":false},"excerpt":{"rendered":"<p>Raportul, realizat de Centrul European pentru Prognoze Meteorologice pe Termen Mediu \u0219i de Organiza\u021bia Meteorologic\u0103 Mondial\u0103 (OMM) \u0219i intitulat \u201eStarea climei \u00een Europa\u201d, ofer\u0103 o imagine de ansamblu asupra schimb\u0103rilor &hellip; <a href=\"https:\/\/microscopemedia.com\/?p=689855\" class=\"more-link\">Read More<\/a><\/p>\n","protected":false},"author":1,"featured_media":689856,"comment_status":"closed","ping_status":"closed","sticky":false,"template":"Default","format":"standard","meta":[],"categories":[1],"tags":[],"_links":{"self":[{"href":"https:\/\/microscopemedia.com\/index.php?rest_route=\/wp\/v2\/posts\/689855"}],"collection":[{"href":"https:\/\/microscopemedia.com\/index.php?rest_route=\/wp\/v2\/posts"}],"about":[{"href":"https:\/\/microscopemedia.com\/index.php?rest_route=\/wp\/v2\/types\/post"}],"author":[{"embeddable":true,"href":"https:\/\/microscopemedia.com\/index.php?rest_route=\/wp\/v2\/users\/1"}],"replies":[{"embeddable":true,"href":"https:\/\/microscopemedia.com\/index.php?rest_route=%2Fwp%2Fv2%2Fcomments&post=689855"}],"version-history":[{"count":0,"href":"https:\/\/microscopemedia.com\/index.php?rest_route=\/wp\/v2\/posts\/689855\/revisions"}],"wp:featuredmedia":[{"embeddable":true,"href":"https:\/\/microscopemedia.com\/index.php?rest_route=\/wp\/v2\/media\/689856"}],"wp:attachment":[{"href":"https:\/\/microscopemedia.com\/index.php?rest_route=%2Fwp%2Fv2%2Fmedia&parent=689855"}],"wp:term":[{"taxonomy":"category","embeddable":true,"href":"https:\/\/microscopemedia.com\/index.php?rest_route=%2Fwp%2Fv2%2Fcategories&post=689855"},{"taxonomy":"post_tag","embeddable":true,"href":"https:\/\/microscopemedia.com\/index.php?rest_route=%2Fwp%2Fv2%2Ftags&post=689855"}],"curies":[{"name":"wp","href":"https:\/\/api.w.org\/{rel}","templated":true}]}}