{"id":689863,"date":"2026-04-29T05:56:03","date_gmt":"2026-04-29T05:56:03","guid":{"rendered":"https:\/\/microscopemedia.com\/?p=689863"},"modified":"2026-04-29T05:56:03","modified_gmt":"2026-04-29T05:56:03","slug":"regele-charles-lauda-nato-si-indeamna-la-apararea-ucrainei","status":"publish","type":"post","link":"https:\/\/microscopemedia.com\/?p=689863","title":{"rendered":"Regele Charles laud\u0103 NATO \u0219i \u00eendeamn\u0103 la ap\u0103rarea Ucrainei"},"content":{"rendered":"<div><img decoding=\"async\" src=\"https:\/\/microscopemedia.com\/wp-content\/uploads\/2026\/04\/regele-charles-lauda-nato-si-indeamna-la-apararea-ucrainei.jpg\" class=\"ff-og-image-inserted\"><\/div>\n<p id=\"p-0\">\u00centr-un discurs care poate fi interpretat ca un apel voalat c\u0103tre Donald Trump de a reveni la alian\u021bele europene tradi\u021bionale ale SUA \u0219i de a restabili rolul \u021b\u0103rii sale de ap\u0103r\u0103tor al valorilor liberale, Regele Charles a spus: \u201eCuvintele Americii au greutate \u0219i semnifica\u021bie, a\u0219a cum au avut-o de la independen\u021b\u0103. Ac\u021biunile acestei mari na\u021biuni conteaz\u0103 \u0219i mai mult\u201d, relateaz\u0103 <a href=\"https:\/\/www.theguardian.com\/uk-news\/2026\/apr\/28\/king-charles-speech-congress\" target=\"_blank\" rel=\"noopener\">The Guardian<\/a>.<\/p>\n<p id=\"p-1\">Apari\u021bia lui Charles \u00een fa\u021ba sesiunii comune a Congresului \u2013 primul astfel de discurs regal \u00een ultimii 35 de ani \u2013 a fost considerat\u0103 punctul central al vizitei sale de stat de patru zile \u00een Statele Unite, unde el \u0219i Regina Camilla particip\u0103 la s\u0103rb\u0103torile care marcheaz\u0103 cea de-a 250-a aniversare a independen\u021bei.<\/p>\n<p id=\"p-2\">Regele Charles a l\u0103udat leg\u0103tura istoric\u0103 dintre cele dou\u0103 na\u021biuni, spun\u00e2nd: \u201eAlian\u021ba pe care cele dou\u0103 na\u021biuni ale noastre au construit-o de-a lungul secolelor \u2013 \u0219i pentru care suntem profund recunosc\u0103tori poporului american \u2013 este cu adev\u0103rat unic\u0103.\u201d<\/p>\n<p id=\"p-3\">\u00cen comentariile care par s\u0103 fi st\u00e2rnit un r\u0103spuns aprobator din partea parlamentarilor democra\u021bi, el a remarcat r\u0103d\u0103cinile \u201eprincipiului conform c\u0103ruia puterea executiv\u0103 este supus\u0103 controalelor \u0219i echilibrului\u201d \u00eentr-unul dintre documentele juridice fundamentale ale Regatului Unit, Magna Carta.<\/p>\n<h2 id=\"chapter-0\">Regele Charles a pledat cauza Ucrainei<\/h2>\n<p id=\"p-4\">Monarhul britanic a \u00eendemnat la \u201ehot\u0103r\u00e2re de neclintit\u201d \u00een cauza \u201eUcrainei \u0219i a celui mai curajos popor al s\u0103u\u201d pentru a \u201easigura o pace cu adev\u0103rat dreapt\u0103 \u0219i durabil\u0103\u201d.<\/p>\n<p id=\"p-5\">Vorbind de la tribuna Camerei Reprezentan\u021bilor, \u00een fa\u021ba unui public care includea parlamentari din ambele partide \u0219i \u00eenal\u021bi oficiali militari, el a subliniat, de asemenea, importan\u021ba ac\u021biunilor \u00een ceea ce prive\u0219te criza climatic\u0103.<\/p>\n<p id=\"p-6\">Remarcile lui Charles au fost formulate \u00een termeni diplomatici, acesta r\u0103m\u00e2n\u00e2nd subtil \u00een ceea ce prive\u0219te diferen\u021bele de opinie dintre SUA \u0219i guvernul lui Keir Starmer, printre care refuzul Marii Britanii de a se al\u0103tura SUA \u0219i Israelului \u00een bombardarea Iranului \u0219i pl\u00e2ngerile lui Trump cu privire la politica comercial\u0103 britanic\u0103.<\/p>\n","protected":false},"excerpt":{"rendered":"<p>\u00centr-un discurs care poate fi interpretat ca un apel voalat c\u0103tre Donald Trump de a reveni la alian\u021bele europene tradi\u021bionale ale SUA \u0219i de a restabili rolul \u021b\u0103rii sale de &hellip; <a href=\"https:\/\/microscopemedia.com\/?p=689863\" class=\"more-link\">Read More<\/a><\/p>\n","protected":false},"author":1,"featured_media":689864,"comment_status":"closed","ping_status":"closed","sticky":false,"template":"Default","format":"standard","meta":[],"categories":[1],"tags":[],"_links":{"self":[{"href":"https:\/\/microscopemedia.com\/index.php?rest_route=\/wp\/v2\/posts\/689863"}],"collection":[{"href":"https:\/\/microscopemedia.com\/index.php?rest_route=\/wp\/v2\/posts"}],"about":[{"href":"https:\/\/microscopemedia.com\/index.php?rest_route=\/wp\/v2\/types\/post"}],"author":[{"embeddable":true,"href":"https:\/\/microscopemedia.com\/index.php?rest_route=\/wp\/v2\/users\/1"}],"replies":[{"embeddable":true,"href":"https:\/\/microscopemedia.com\/index.php?rest_route=%2Fwp%2Fv2%2Fcomments&post=689863"}],"version-history":[{"count":0,"href":"https:\/\/microscopemedia.com\/index.php?rest_route=\/wp\/v2\/posts\/689863\/revisions"}],"wp:featuredmedia":[{"embeddable":true,"href":"https:\/\/microscopemedia.com\/index.php?rest_route=\/wp\/v2\/media\/689864"}],"wp:attachment":[{"href":"https:\/\/microscopemedia.com\/index.php?rest_route=%2Fwp%2Fv2%2Fmedia&parent=689863"}],"wp:term":[{"taxonomy":"category","embeddable":true,"href":"https:\/\/microscopemedia.com\/index.php?rest_route=%2Fwp%2Fv2%2Fcategories&post=689863"},{"taxonomy":"post_tag","embeddable":true,"href":"https:\/\/microscopemedia.com\/index.php?rest_route=%2Fwp%2Fv2%2Ftags&post=689863"}],"curies":[{"name":"wp","href":"https:\/\/api.w.org\/{rel}","templated":true}]}}