{"id":689875,"date":"2026-04-29T07:06:04","date_gmt":"2026-04-29T07:06:04","guid":{"rendered":"https:\/\/microscopemedia.com\/?p=689875"},"modified":"2026-04-29T07:06:04","modified_gmt":"2026-04-29T07:06:04","slug":"vizita-regala-la-washington-melania-trump-si-camilla-aparitie-discreta-la-casa-alba","status":"publish","type":"post","link":"https:\/\/microscopemedia.com\/?p=689875","title":{"rendered":"Vizita regal\u0103 la Washington: Melania Trump \u0219i Camilla, apari\u021bie discret\u0103 la Casa Alb\u0103"},"content":{"rendered":"<div><img decoding=\"async\" src=\"https:\/\/microscopemedia.com\/wp-content\/uploads\/2026\/04\/vizita-regala-la-washington-melania-trump-si-camilla-aparitie-discreta-la-casa-alba.jpg\" class=\"ff-og-image-inserted\"><\/div>\n<p id=\"p-0\">Cele dou\u0103 au participat la ceremonia oficial\u0103 de primire de la Casa Alb\u0103. Aciolo au \u00eenso\u021bit delega\u021biile pe covorul ro\u0219u, \u00een cadrul unui moment marcat de fast: salve de tun, intonarea imnurilor \u0219i defil\u0103ri militare. Ulterior, \u00een timp ce liderii au avut discu\u021bii private, Melania Trump \u0219i regina Camilla s-au retras \u00eentr-un eveniment paralel organizat \u00een pavilionul de tenis al Casei Albe, precizeaz\u0103 <a href=\"https:\/\/edition.cnn.com\/2026\/04\/28\/politics\/melania-trump-queen-camilla-supporting-roles\" target=\"_blank\" rel=\"noopener\">CNN<\/a>.<\/p>\n<h2 id=\"chapter-0\">Tehnologia \u0219i educa\u021bia, \u00een centrul programului<\/h2>\n<p id=\"p-1\">Evenimentul a inclus interac\u021biuni cu elevi \u0219i demonstra\u021bii tehnologice. Copiii au utilizat ochelari de realitate virtual\u0103 \u0219i dispozitive bazate pe inteligen\u021b\u0103 artificial\u0103 pentru a explora repere britanice precum Stonehenge sau Palatul Buckingham. Ini\u021biativa a combinat dou\u0103 direc\u021bii de interes: promovarea tehnologiilor moderne, asociat\u0103 Primei Doamne, \u0219i valorificarea patrimoniului cultural, domeniu sus\u021binut de regina Camilla. Momentul a fost \u00eens\u0103 unul mai degrab\u0103 simbolic, f\u0103r\u0103 interven\u021bii publice semnificative.<\/p>\n<h2 id=\"chapter-1\">Un rol \u201ede sprijin\u201d \u00een diploma\u021bia de stat<\/h2>\n<p id=\"p-2\">Observatorii remarc\u0103 faptul c\u0103 ambele au ales deliberat s\u0103 nu ias\u0103 \u00een prim-plan. Vizita are loc \u00eentr-un context sensibil, marcat de tensiuni \u00eentre SUA \u0219i Marea Britanie pe tema conflictului cu Iranul. \u00cen acest cadru, accentul a fost pus pe cei doi lideri politici. \u00cen acela\u0219i timp, rolul partenerelor a fost unul de sus\u021binere, conform uzan\u021belor diplomatice. Programul a inclus \u0219i schimburi de cadouri \u00eentre delega\u021bii. Regina Camilla i-a oferit Melaniei Trump o bro\u0219\u0103 creat\u0103 de designerul britanic Fiona Rae, iar Prima Doamn\u0103 a d\u0103ruit reginei un set de linguri\u021be din colec\u021bia Tiffany &amp; Co., al\u0103turi de miere produs\u0103 la Casa Alb\u0103. Gesturile au reflectat interesele personale ale celor dou\u0103: tehnologia \u0219i designul contemporan, respectiv tradi\u021biile \u0219i apicultura.<\/p>\n<h2 id=\"chapter-2\">Subiecte sensibile, evitate public<\/h2>\n<p id=\"p-3\">De\u0219i nu au fost abordate public, vizita este umbrit\u0103 \u0219i de<a href=\"https:\/\/www.mediafax.ro\/externe\/melania-trump-a-facut-o-declaratie-la-casa-alba-in-care-neaga-legaturile-cu-epstein-23718001\" target=\"_blank\" rel=\"noopener\"> controverse legate de cazul<\/a> Jeffrey Epstein, care a afectat at\u00e2t scena politic\u0103 american\u0103, c\u00e2t \u0219i familia regal\u0103 britanic\u0103. Nici \u00een cadrul apari\u021biilor oficiale, nici \u00een discursurile publice, tema nu a fost men\u021bionat\u0103. Vizita marcheaz\u0103 a treia \u00eent\u00e2lnire oficial\u0103 \u00eentre Melania Trump \u0219i regina Camilla, \u00eens\u0103 rela\u021bia dintre ele r\u0103m\u00e2ne una protocolar\u0103. Prezen\u021ba lor a fost una atent calibrat\u0103: vizibil\u0103, dar f\u0103r\u0103 a concura aten\u021bia liderilor politici, \u00eentr-o demonstra\u021bie de diploma\u021bie discret\u0103.<\/p>\n","protected":false},"excerpt":{"rendered":"<p>Cele dou\u0103 au participat la ceremonia oficial\u0103 de primire de la Casa Alb\u0103. Aciolo au \u00eenso\u021bit delega\u021biile pe covorul ro\u0219u, \u00een cadrul unui moment marcat de fast: salve de tun, &hellip; <a href=\"https:\/\/microscopemedia.com\/?p=689875\" class=\"more-link\">Read More<\/a><\/p>\n","protected":false},"author":1,"featured_media":689876,"comment_status":"closed","ping_status":"closed","sticky":false,"template":"Default","format":"standard","meta":[],"categories":[1],"tags":[],"_links":{"self":[{"href":"https:\/\/microscopemedia.com\/index.php?rest_route=\/wp\/v2\/posts\/689875"}],"collection":[{"href":"https:\/\/microscopemedia.com\/index.php?rest_route=\/wp\/v2\/posts"}],"about":[{"href":"https:\/\/microscopemedia.com\/index.php?rest_route=\/wp\/v2\/types\/post"}],"author":[{"embeddable":true,"href":"https:\/\/microscopemedia.com\/index.php?rest_route=\/wp\/v2\/users\/1"}],"replies":[{"embeddable":true,"href":"https:\/\/microscopemedia.com\/index.php?rest_route=%2Fwp%2Fv2%2Fcomments&post=689875"}],"version-history":[{"count":0,"href":"https:\/\/microscopemedia.com\/index.php?rest_route=\/wp\/v2\/posts\/689875\/revisions"}],"wp:featuredmedia":[{"embeddable":true,"href":"https:\/\/microscopemedia.com\/index.php?rest_route=\/wp\/v2\/media\/689876"}],"wp:attachment":[{"href":"https:\/\/microscopemedia.com\/index.php?rest_route=%2Fwp%2Fv2%2Fmedia&parent=689875"}],"wp:term":[{"taxonomy":"category","embeddable":true,"href":"https:\/\/microscopemedia.com\/index.php?rest_route=%2Fwp%2Fv2%2Fcategories&post=689875"},{"taxonomy":"post_tag","embeddable":true,"href":"https:\/\/microscopemedia.com\/index.php?rest_route=%2Fwp%2Fv2%2Ftags&post=689875"}],"curies":[{"name":"wp","href":"https:\/\/api.w.org\/{rel}","templated":true}]}}