{"id":689877,"date":"2026-04-29T07:26:04","date_gmt":"2026-04-29T07:26:04","guid":{"rendered":"https:\/\/microscopemedia.com\/?p=689877"},"modified":"2026-04-29T07:26:04","modified_gmt":"2026-04-29T07:26:04","slug":"lider-din-pnl-despre-pozitia-lui-nicusor-dan-privind-criza-politica-poate-nu-se-ajungea-aici-daca-si-folosea-toate-parghiile","status":"publish","type":"post","link":"https:\/\/microscopemedia.com\/?p=689877","title":{"rendered":"Lider din PNL, despre pozi\u021bia lui Nicu\u0219or Dan privind criza politic\u0103: Poate nu se ajungea aici, dac\u0103-\u0219i folosea toate p\u00e2rghiile"},"content":{"rendered":"<div><img decoding=\"async\" src=\"https:\/\/microscopemedia.com\/wp-content\/uploads\/2026\/04\/lider-din-pnl-despre-pozitia-lui-nicusor-dan-privind-criza-politica-poate-nu-se-ajungea-aici-daca-si-folosea-toate-parghiile.jpg\" class=\"ff-og-image-inserted\"><\/div>\n<p id=\"p-0\">Virgil Guran, liderul PNL D\u00e2mbovi\u021ba, a vorbit miercuri, la RFI, despre actuala situa\u021bie politic\u0103 din Rom\u00e2nia, dup\u0103 ce s\u0103pt\u0103m\u00e2na trecut\u0103, PSD a retras sprijinul politic premierului Ilie Bolojan, iar \u00een aceast\u0103 s\u0103pt\u0103m\u00e2n\u0103 a depus o mo\u021biune de cenzur\u0103, al\u0103turi de AUR, \u00eempotriva Guvernului.<\/p>\n<p id=\"p-1\">Liberalul sus\u021bine c\u0103 Nicu\u0219or Dan trebuia s\u0103 dea un mesaj mai ferm pentru a preveni escaladarea crizei politice \u0219i consider\u0103 c\u0103 dac\u0103 pre\u0219edintele folosea toate p\u00e2rghiile conferite de func\u021bia sa, \u201epoate nu se ajungea aici\u201d.<\/p>\n<p id=\"p-2\">\u201eTrebuia s\u0103 fie mai ferm, trebuia s\u0103 intervin\u0103, pentru c\u0103 poate nu se ajungea aici, dac\u0103-\u0219i folosea toate p\u00e2rghiile de pre\u0219edinte, dar s\u0103 sper\u0103m c\u0103 \u00een momentul de fa\u021b\u0103 va avea o atitudine normal\u0103, de pre\u0219edinte care dore\u0219te stabilitate\u201d, a afirmat Virgil Guran la RFI.<\/p>\n<p id=\"p-3\">\u00centrebat ce putea s\u0103 fac\u0103 Nicu\u0219or Dan \u00een aceast\u0103 criza politic\u0103, lu\u00e2nd \u00een calcul \u0219i limitele mandatului preziden\u021bial, liderul PNL din D\u00e2mbovi\u021ba a venit cu explica\u021bii.<\/p>\n<p id=\"p-4\">\u201eLegea \u00eei permite s\u0103 discute, s\u0103 aplaneze astfel de conflicte, iar \u00een momentul \u00een care e\u0219ti ferm din pozi\u021bia de pre\u0219edinte, v\u0103 spun eu c\u0103 partidele \u00een\u021beleg. O f\u0103cea \u0219i Iohannis \u0219i B\u0103sescu \u0219i ceilal\u021bi \u0219i de multe ori, partidele se lini\u0219teau, dar se pare c\u0103 n-a f\u0103cut acest lucru\u201d.<\/p>\n<p id=\"p-5\">Mar\u021bi, la c\u00e2teva ore dup\u0103 ce PSD \u0219i AUR au depus o mo\u021biune de cenzur\u0103 \u00eempotriva Guvernului condus de Ilie Bolojan, pre\u0219edintele Nicu\u0219or Dan a afirmat <span><a href=\"https:\/\/www.mediafax.ro\/politic\/prima-reactie-a-lui-nicusor-dan-dupa-depunerea-motiunii-de-cenzura-ne-asteptam-un-guvern-psd-aur-este-extrem-de-improbabil-23728099\">c\u0103 se a\u0219tepta ca aceasta s\u0103 fie depus\u0103 \u00een Parlament<\/a><\/span> \u0219i a precizat c\u0103 o variant\u0103 de guvern AUR -PSD i se pare \u201eimprobabil\u0103\u201d.<\/p>\n<p id=\"p-6\"><span><a href=\"https:\/\/www.mediafax.ro\/politic\/motiunea-de-cenzura-impotriva-guvernului-bolojan-citita-astazi-in-parlament-votul-decisiv-programat-pe-5-mai-23728266\">Mo\u021biunea de cenzur\u0103<\/a><\/span> \u00eempotriva Guvernului Bolojan va fi prezentat\u0103 miercuri \u00een plenul reunit al Parlamentului, \u00een timp ce votul decisiv este programat pentru 5 mai.<\/p>\n","protected":false},"excerpt":{"rendered":"<p>Virgil Guran, liderul PNL D\u00e2mbovi\u021ba, a vorbit miercuri, la RFI, despre actuala situa\u021bie politic\u0103 din Rom\u00e2nia, dup\u0103 ce s\u0103pt\u0103m\u00e2na trecut\u0103, PSD a retras sprijinul politic premierului Ilie Bolojan, iar \u00een &hellip; <a href=\"https:\/\/microscopemedia.com\/?p=689877\" class=\"more-link\">Read More<\/a><\/p>\n","protected":false},"author":1,"featured_media":689878,"comment_status":"closed","ping_status":"closed","sticky":false,"template":"Default","format":"standard","meta":[],"categories":[1],"tags":[],"_links":{"self":[{"href":"https:\/\/microscopemedia.com\/index.php?rest_route=\/wp\/v2\/posts\/689877"}],"collection":[{"href":"https:\/\/microscopemedia.com\/index.php?rest_route=\/wp\/v2\/posts"}],"about":[{"href":"https:\/\/microscopemedia.com\/index.php?rest_route=\/wp\/v2\/types\/post"}],"author":[{"embeddable":true,"href":"https:\/\/microscopemedia.com\/index.php?rest_route=\/wp\/v2\/users\/1"}],"replies":[{"embeddable":true,"href":"https:\/\/microscopemedia.com\/index.php?rest_route=%2Fwp%2Fv2%2Fcomments&post=689877"}],"version-history":[{"count":0,"href":"https:\/\/microscopemedia.com\/index.php?rest_route=\/wp\/v2\/posts\/689877\/revisions"}],"wp:featuredmedia":[{"embeddable":true,"href":"https:\/\/microscopemedia.com\/index.php?rest_route=\/wp\/v2\/media\/689878"}],"wp:attachment":[{"href":"https:\/\/microscopemedia.com\/index.php?rest_route=%2Fwp%2Fv2%2Fmedia&parent=689877"}],"wp:term":[{"taxonomy":"category","embeddable":true,"href":"https:\/\/microscopemedia.com\/index.php?rest_route=%2Fwp%2Fv2%2Fcategories&post=689877"},{"taxonomy":"post_tag","embeddable":true,"href":"https:\/\/microscopemedia.com\/index.php?rest_route=%2Fwp%2Fv2%2Ftags&post=689877"}],"curies":[{"name":"wp","href":"https:\/\/api.w.org\/{rel}","templated":true}]}}