{"id":689879,"date":"2026-04-29T07:36:04","date_gmt":"2026-04-29T07:36:04","guid":{"rendered":"https:\/\/microscopemedia.com\/?p=689879"},"modified":"2026-04-29T07:36:04","modified_gmt":"2026-04-29T07:36:04","slug":"rusia-anuleaza-defilarea-echipamentelor-militare-la-parada-de-9-mai-din-cauza-razboiului-din-ucraina","status":"publish","type":"post","link":"https:\/\/microscopemedia.com\/?p=689879","title":{"rendered":"Rusia anuleaz\u0103 defilarea echipamentelor militare la parada de 9 mai, din cauza R\u0103zboiului din Ucraina"},"content":{"rendered":"<div><img decoding=\"async\" src=\"https:\/\/microscopemedia.com\/wp-content\/uploads\/2026\/04\/rusia-anuleaza-defilarea-echipamentelor-militare-la-parada-de-9-mai-din-cauza-razboiului-din-ucraina.jpg\" class=\"ff-og-image-inserted\"><\/div>\n<p id=\"p-0\"><span>Anun\u021bul a fost f\u0103cut de Ministerul Ap\u0103r\u0103rii de la Moscova. \u201eCade\u021bii \u0219colilor militare \u0219i o coloan\u0103 de echipament militar nu vor participa la parada militar\u0103 din acest an din cauza situa\u021biei opera\u021bionale actuale\u201d, transmite ministerul rus, printr-un mesaj publicat pe Telegram, citat de <span><a href=\"https:\/\/www.lefigaro.fr\/international\/la-russie-ne-deploiera-pas-de-materiel-militaire-cette-annee-pour-le-defile-militaire-du-9-mai-sur-la-place-rouge-a-moscou-20260429\">AFP<\/a><\/span>.&nbsp;<\/span><\/p>\n<p id=\"p-1\"><span>Cu toate acestea autorit\u0103\u021bile au anun\u021bat c\u0103 la defilare vor participa membri ai tuturor categoriilor de for\u021be armate. \u00cen plus, \u00een cadrul evenimentului vor fi difuzate imagini cu opera\u021biuni ruse\u0219ti din R\u0103zboiul din Ucraina.&nbsp;<\/span><\/p>\n<p id=\"p-2\"><span>\u201eMembri institu\u021biilor de \u00eenv\u0103\u021b\u0103m\u00e2nt militar superior din toate serviciile \u0219i ramurile separate ale For\u021belor Armate ale Federa\u021biei Ruse vor defila \u00een coloana paradei. Transmisiunea paradei va prezenta imagini cu militarii For\u021belor Armate din toate serviciile \u0219i ramurile For\u021belor Armate \u00eendeplinind misiuni \u00een zona de opera\u021biuni militare speciale\u201d, se mai arat\u0103 \u00een comunicatul ministerului.&nbsp;<\/span><\/p>\n<p id=\"p-3\"><span>Programul va cuprinde \u0219i un spectacol aviatic. \u201eUn spectacol aerian\u0103 va prezenta aeronave pilotate de echipe de acroba\u021bie deasupra Pie\u021bei Ro\u0219ii. Avioane Su-25 vor picta cerul Moscovei \u00een culorile drapelului rusesc la sf\u00e2r\u0219itul paradei\u201d, mai spune ministerul.&nbsp;<\/span><\/p>\n<p id=\"p-4\"><span>Evenimentul de 9 mai marcheaz\u0103 capitularea Germaniei naziste \u00een cel de-al Doilea R\u0103zboi Mondial \u0219i este folosit de autorit\u0103\u021bile ruse ca prilej pentru o demonstra\u021bie de for\u021b\u0103.<\/span><\/p>\n<p id=\"p-5\"><span>La evenimentul de anul trecut au participat aproximativ 11.000 de solda\u021bi, precum \u0219i echipamente precum tancuri T-90, rachete Iskander, drone \u0219i sistemul balistic intercontinental Yars. De asemenea, au participat \u0219i lider interna\u021bionali precum pre\u0219edintele Chinei, Xi Jinping.&nbsp;&nbsp;<\/span><\/p>\n","protected":false},"excerpt":{"rendered":"<p>Anun\u021bul a fost f\u0103cut de Ministerul Ap\u0103r\u0103rii de la Moscova. \u201eCade\u021bii \u0219colilor militare \u0219i o coloan\u0103 de echipament militar nu vor participa la parada militar\u0103 din acest an din cauza &hellip; <a href=\"https:\/\/microscopemedia.com\/?p=689879\" class=\"more-link\">Read More<\/a><\/p>\n","protected":false},"author":1,"featured_media":689880,"comment_status":"closed","ping_status":"closed","sticky":false,"template":"Default","format":"standard","meta":[],"categories":[1],"tags":[],"_links":{"self":[{"href":"https:\/\/microscopemedia.com\/index.php?rest_route=\/wp\/v2\/posts\/689879"}],"collection":[{"href":"https:\/\/microscopemedia.com\/index.php?rest_route=\/wp\/v2\/posts"}],"about":[{"href":"https:\/\/microscopemedia.com\/index.php?rest_route=\/wp\/v2\/types\/post"}],"author":[{"embeddable":true,"href":"https:\/\/microscopemedia.com\/index.php?rest_route=\/wp\/v2\/users\/1"}],"replies":[{"embeddable":true,"href":"https:\/\/microscopemedia.com\/index.php?rest_route=%2Fwp%2Fv2%2Fcomments&post=689879"}],"version-history":[{"count":0,"href":"https:\/\/microscopemedia.com\/index.php?rest_route=\/wp\/v2\/posts\/689879\/revisions"}],"wp:featuredmedia":[{"embeddable":true,"href":"https:\/\/microscopemedia.com\/index.php?rest_route=\/wp\/v2\/media\/689880"}],"wp:attachment":[{"href":"https:\/\/microscopemedia.com\/index.php?rest_route=%2Fwp%2Fv2%2Fmedia&parent=689879"}],"wp:term":[{"taxonomy":"category","embeddable":true,"href":"https:\/\/microscopemedia.com\/index.php?rest_route=%2Fwp%2Fv2%2Fcategories&post=689879"},{"taxonomy":"post_tag","embeddable":true,"href":"https:\/\/microscopemedia.com\/index.php?rest_route=%2Fwp%2Fv2%2Ftags&post=689879"}],"curies":[{"name":"wp","href":"https:\/\/api.w.org\/{rel}","templated":true}]}}