{"id":689881,"date":"2026-04-29T07:57:03","date_gmt":"2026-04-29T07:57:03","guid":{"rendered":"https:\/\/microscopemedia.com\/?p=689881"},"modified":"2026-04-29T07:57:03","modified_gmt":"2026-04-29T07:57:03","slug":"nicusor-dan-mesaj-de-ziua-veteranilor-de-razboi-dezvoltarea-romaniei-moderne-nu-ar-fi-fost-posibila-fara-curajul-lor","status":"publish","type":"post","link":"https:\/\/microscopemedia.com\/?p=689881","title":{"rendered":"Nicu\u0219or Dan, mesaj de Ziua Veteranilor de R\u0103zboi: \u201eDezvoltarea Rom\u00e2niei moderne nu ar fi fost posibil\u0103 f\u0103r\u0103 curajul lor\u201d"},"content":{"rendered":"<div><img decoding=\"async\" src=\"https:\/\/microscopemedia.com\/wp-content\/uploads\/2026\/04\/nicusor-dan-mesaj-de-ziua-veteranilor-de-razboi-dezvoltarea-romaniei-moderne-nu-ar-fi-fost-posibila-fara-curajul-lor.jpg\" class=\"ff-og-image-inserted\"><\/div>\n<p id=\"p-0\">Pre\u0219edintele Rom\u00e2niei, <span class=\"hover:entity-accent entity-underline inline cursor-pointer align-baseline\"><span class=\"whitespace-normal\">Nicu\u0219or Dan<\/span><\/span>, a transmis miercuri un mesaj cu ocazia Zilei Veteranilor de R\u0103zboi, prin care a adus un omagiu la adresa \u201ecelor care au pus interesul na\u021biunii noastre mai presus de propria via\u021b\u0103\u201d.<\/p>\n<p data-start=\"520\" data-end=\"712\" id=\"p-1\">\u201eG\u00e2ndurile noastre de respect \u0219i recuno\u0219tin\u021b\u0103 se \u00eendreapt\u0103 ast\u0103zi c\u0103tre veteranii de r\u0103zboi ai Rom\u00e2niei, simboluri ale sacrificiului \u0219i devotamentului pentru realizarea idealurilor na\u021bionale.\u201d, se men\u021bioneaz\u0103 \u00een mesaj.<\/p>\n<p data-start=\"714\" data-end=\"847\" id=\"p-2\"><span class=\"hover:entity-accent entity-underline inline cursor-pointer align-baseline\"><span class=\"whitespace-normal\">Nicu\u0219or Dan<\/span><\/span> a declarat c\u0103 veteranii de r\u0103zboi au avut o influen\u021b\u0103 semnificativ\u0103 asupra parcursului Rom\u00e2niei \u00een structurile europene \u0219i euroatlantice.<\/p>\n<p data-start=\"714\" data-end=\"847\" id=\"p-3\">\u201eDezvoltarea Rom\u00e2niei moderne \u00een familia european\u0103 \u0219i euroatlantic\u0103, asigurarea unei societ\u0103\u021bi libere, democratice, cu un stat de drept func\u021bional nu ar fi fost posibile f\u0103r\u0103 curajul \u0219i t\u0103ria de caracter ale celor care au pus interesul na\u021biunii noastre mai presus de propria via\u021b\u0103.\u201d<\/p>\n<p data-start=\"1133\" data-end=\"1231\" id=\"p-4\">Acesta a punctat \u0219i valoarea moral\u0103 a veteranilor ca exemplu pentru societatea de ast\u0103zi.<\/p>\n<p data-start=\"1233\" data-end=\"1515\" id=\"p-5\">\u201eFor\u021ba moral\u0103 a veteranilor no\u0219tri de r\u0103zboi reprezint\u0103 un reper care ne aminte\u0219te c\u0103 ceea ce ne une\u0219te, ca popor, conteaz\u0103 mai mult dec\u00e2t orice criz\u0103 trec\u0103toare. Ne putem inspira din exemplul lor pentru a g\u0103si energia \u0219i \u00eencrederea de a construi viitorul prosper al \u021b\u0103rii noastre.\u201d, declarat Nicu\u0219or Dan.<\/p>\n<p data-start=\"1771\" data-end=\"1889\" id=\"p-6\">Pre\u0219edintele a f\u0103cut o aluzie \u0219i la contextul interna\u021bional complicat din punct de vedere economic \u0219i politic, declar\u00e2nd c\u0103 este nevoie de solidaritate \u00een fa\u021ba crizelor.<\/p>\n<p data-start=\"1891\" data-end=\"2176\" id=\"p-7\">\u201e\u00cen prezent, ne confrunt\u0103m cu dificult\u0103\u021bi multiple, de la efectele r\u0103zboiului de agresiune al Federa\u021biei Ruse \u00eempotriva Ucrainei la cele generate de criza din Orientul Mijlociu, provoc\u0103ri pe care le vom dep\u0103\u0219i al\u0103turi de partenerii no\u0219tri din Uniunea European\u0103 \u0219i de alia\u021bii din NATO.\u201d<\/p>\n<p data-start=\"2178\" data-end=\"2297\" id=\"p-8\"><span class=\"hover:entity-accent entity-underline inline cursor-pointer align-baseline\"><span class=\"whitespace-normal\">Nicu\u0219or Dan<\/span><\/span> a insistat c\u0103 unitatea \u0219i coeziunea social\u0103 sunt esen\u021biale pentru viitorul \u021b\u0103rii.<\/p>\n<p data-start=\"2299\" data-end=\"2540\" id=\"p-9\">\u201eSolidaritatea \u0219i coeziunea r\u0103m\u00e2n fundamentul pentru dezvoltarea economic\u0103 sustenabil\u0103 a Rom\u00e2niei, pentru consolidarea statului de drept \u0219i pentru educarea tinerilor \u00een spiritul respectului fa\u021b\u0103 de tradi\u021biile \u0219i principiile care ne apropie.\u201d<\/p>\n<p data-start=\"2664\" data-end=\"2855\" id=\"p-10\">\u201e\u00cen aceste vremuri tulburi, trebuie s\u0103 fim mai uni\u021bi \u0219i mai hot\u0103r\u00e2\u021bi \u00een promovarea intereselor \u0219i valorilor na\u021bionale, iar veteranii de r\u0103zboi ne sunt un exemplu de patriotism \u0219i loialitate. La mul\u021bi ani, dragi veterani de r\u0103zboi! La mul\u021bi ani, Rom\u00e2nia!\u201d, transmite pre\u0219edintele.<\/p>\n","protected":false},"excerpt":{"rendered":"<p>Pre\u0219edintele Rom\u00e2niei, Nicu\u0219or Dan, a transmis miercuri un mesaj cu ocazia Zilei Veteranilor de R\u0103zboi, prin care a adus un omagiu la adresa \u201ecelor care au pus interesul na\u021biunii noastre &hellip; <a href=\"https:\/\/microscopemedia.com\/?p=689881\" class=\"more-link\">Read More<\/a><\/p>\n","protected":false},"author":1,"featured_media":689882,"comment_status":"closed","ping_status":"closed","sticky":false,"template":"Default","format":"standard","meta":[],"categories":[1],"tags":[],"_links":{"self":[{"href":"https:\/\/microscopemedia.com\/index.php?rest_route=\/wp\/v2\/posts\/689881"}],"collection":[{"href":"https:\/\/microscopemedia.com\/index.php?rest_route=\/wp\/v2\/posts"}],"about":[{"href":"https:\/\/microscopemedia.com\/index.php?rest_route=\/wp\/v2\/types\/post"}],"author":[{"embeddable":true,"href":"https:\/\/microscopemedia.com\/index.php?rest_route=\/wp\/v2\/users\/1"}],"replies":[{"embeddable":true,"href":"https:\/\/microscopemedia.com\/index.php?rest_route=%2Fwp%2Fv2%2Fcomments&post=689881"}],"version-history":[{"count":0,"href":"https:\/\/microscopemedia.com\/index.php?rest_route=\/wp\/v2\/posts\/689881\/revisions"}],"wp:featuredmedia":[{"embeddable":true,"href":"https:\/\/microscopemedia.com\/index.php?rest_route=\/wp\/v2\/media\/689882"}],"wp:attachment":[{"href":"https:\/\/microscopemedia.com\/index.php?rest_route=%2Fwp%2Fv2%2Fmedia&parent=689881"}],"wp:term":[{"taxonomy":"category","embeddable":true,"href":"https:\/\/microscopemedia.com\/index.php?rest_route=%2Fwp%2Fv2%2Fcategories&post=689881"},{"taxonomy":"post_tag","embeddable":true,"href":"https:\/\/microscopemedia.com\/index.php?rest_route=%2Fwp%2Fv2%2Ftags&post=689881"}],"curies":[{"name":"wp","href":"https:\/\/api.w.org\/{rel}","templated":true}]}}