{"id":689883,"date":"2026-04-29T08:16:04","date_gmt":"2026-04-29T08:16:04","guid":{"rendered":"https:\/\/microscopemedia.com\/?p=689883"},"modified":"2026-04-29T08:16:04","modified_gmt":"2026-04-29T08:16:04","slug":"pedeapsa-fostului-presedinte-sud-coreean-yoon-suk-yeol-pentru-obstructionarea-justitiei-a-fost-majorata-la-sapte-ani-de-inchisoare","status":"publish","type":"post","link":"https:\/\/microscopemedia.com\/?p=689883","title":{"rendered":"Pedeapsa fostului pre\u0219edinte sud-coreean Yoon Suk Yeol, pentru obstruc\u021bionarea justi\u021biei a fost majorat\u0103 la \u0219apte ani de \u00eenchisoare"},"content":{"rendered":"<div><img decoding=\"async\" src=\"https:\/\/microscopemedia.com\/wp-content\/uploads\/2026\/04\/pedeapsa-fostului-presedinte-sud-coreean-yoon-suk-yeol-pentru-obstructionarea-justitiei-a-fost-majorata-la-sapte-ani-de-inchisoare.jpg\" class=\"ff-og-image-inserted\"><\/div>\n<p id=\"p-0\"><span>Instan\u021ba sud-coreean\u0103 a pronun\u021bat miercuri verdictul, transmis \u00een direct, stabilind o pedeaps\u0103 mai sever\u0103 fa\u021b\u0103 de cei cinci ani de \u00eenchisoare dicta\u021bi anterior, relateaz\u0103 agen\u021bia <span><a href=\"https:\/\/en.yna.co.kr\/view\/AEN20260429001451315\">Yonhap<\/a><\/span>.&nbsp;<\/span><\/p>\n<p id=\"p-1\"><span>Curtea a constatat c\u0103 fostul lider a \u00eempiedicat anchetatorii s\u0103 \u00eel re\u021bin\u0103, dup\u0103 ce a instituit pentru scurt timp legea mar\u021bial\u0103 \u00een luna decembrie 2024.&nbsp;<\/span><\/p>\n<p id=\"p-2\"><span>Yoon a mai fost g\u0103sit vinovat pentru redactarea \u0219i ulterior distrugerea unui decret fals dup\u0103 ridicarea legii mar\u021biale, \u00eens\u0103 a fost achitat de acuza\u021bii.&nbsp;<\/span><\/p>\n<p id=\"p-3\"><span>Procurorii au subliniat c\u0103 fostul pre\u0219edinte \u0219i-a folosit func\u021bia preziden\u021bial\u0103 pentru a submina ordinea constitu\u021bional\u0103 \u0219i pentru a utiliza institu\u021biile statului \u00een interes propriu.&nbsp;<\/span><\/p>\n<p id=\"p-4\"><span>De asemenea, procuratura a subliniat lipsa de remu\u0219c\u0103ri a fostului pre\u0219edinte, subliniind c\u0103 nu \u0219i-a recunoscut vina \u0219i nu a prezentat scuze publice.&nbsp;<\/span><\/p>\n<p id=\"p-5\"><span>\u00cen alt dosar, fostul pre\u0219edinte Yoon a fost condamnat la \u00eenchisoare pe via\u021b\u0103 dup\u0103 ce <\/span><span>a fost g\u0103sit vinovat de conducerea unei insurec\u021bii dup\u0103 declararea legii mar\u021biale din 3 decembrie 2024<\/span><span>.&nbsp;<\/span><\/p>\n","protected":false},"excerpt":{"rendered":"<p>Instan\u021ba sud-coreean\u0103 a pronun\u021bat miercuri verdictul, transmis \u00een direct, stabilind o pedeaps\u0103 mai sever\u0103 fa\u021b\u0103 de cei cinci ani de \u00eenchisoare dicta\u021bi anterior, relateaz\u0103 agen\u021bia Yonhap.&nbsp; Curtea a constatat c\u0103 &hellip; <a href=\"https:\/\/microscopemedia.com\/?p=689883\" class=\"more-link\">Read More<\/a><\/p>\n","protected":false},"author":1,"featured_media":689884,"comment_status":"closed","ping_status":"closed","sticky":false,"template":"Default","format":"standard","meta":[],"categories":[1],"tags":[],"_links":{"self":[{"href":"https:\/\/microscopemedia.com\/index.php?rest_route=\/wp\/v2\/posts\/689883"}],"collection":[{"href":"https:\/\/microscopemedia.com\/index.php?rest_route=\/wp\/v2\/posts"}],"about":[{"href":"https:\/\/microscopemedia.com\/index.php?rest_route=\/wp\/v2\/types\/post"}],"author":[{"embeddable":true,"href":"https:\/\/microscopemedia.com\/index.php?rest_route=\/wp\/v2\/users\/1"}],"replies":[{"embeddable":true,"href":"https:\/\/microscopemedia.com\/index.php?rest_route=%2Fwp%2Fv2%2Fcomments&post=689883"}],"version-history":[{"count":0,"href":"https:\/\/microscopemedia.com\/index.php?rest_route=\/wp\/v2\/posts\/689883\/revisions"}],"wp:featuredmedia":[{"embeddable":true,"href":"https:\/\/microscopemedia.com\/index.php?rest_route=\/wp\/v2\/media\/689884"}],"wp:attachment":[{"href":"https:\/\/microscopemedia.com\/index.php?rest_route=%2Fwp%2Fv2%2Fmedia&parent=689883"}],"wp:term":[{"taxonomy":"category","embeddable":true,"href":"https:\/\/microscopemedia.com\/index.php?rest_route=%2Fwp%2Fv2%2Fcategories&post=689883"},{"taxonomy":"post_tag","embeddable":true,"href":"https:\/\/microscopemedia.com\/index.php?rest_route=%2Fwp%2Fv2%2Ftags&post=689883"}],"curies":[{"name":"wp","href":"https:\/\/api.w.org\/{rel}","templated":true}]}}