{"id":689885,"date":"2026-04-29T08:36:04","date_gmt":"2026-04-29T08:36:04","guid":{"rendered":"https:\/\/microscopemedia.com\/?p=689885"},"modified":"2026-04-29T08:36:04","modified_gmt":"2026-04-29T08:36:04","slug":"meta-acuzata-de-ue-ca-nu-protejeaza-suficient-copiii-pe-facebook-si-instagram","status":"publish","type":"post","link":"https:\/\/microscopemedia.com\/?p=689885","title":{"rendered":"Meta, acuzat\u0103 de UE c\u0103 nu protejeaz\u0103 suficient copiii pe Facebook \u0219i Instagram"},"content":{"rendered":"<div><img decoding=\"async\" src=\"https:\/\/microscopemedia.com\/wp-content\/uploads\/2026\/04\/meta-acuzata-de-ue-ca-nu-protejeaza-suficient-copiii-pe-facebook-si-instagram.jpg\" class=\"ff-og-image-inserted\"><\/div>\n<p id=\"p-0\">Comisia European\u0103 a anun\u021bat c\u0103 platformele sociale nu fac suficiente eforturi pentru a \u00eempiedica accesul copiilor sub 13 ani la aceste servicii, scrie <a href=\"https:\/\/www.reuters.com\/sustainability\/boards-policy-regulation\/facebook-instagram-charged-with-breaching-rules-must-do-more-protect-kids-below-2026-04-29\/\" target=\"_blank\" rel=\"noopener\">Reuters<\/a>.<\/p>\n<p id=\"p-1\">Investiga\u021bia desf\u0103\u0219urat\u0103 timp de doi ani de c\u0103tre autorit\u0103\u021bile europene a fost realizat\u0103 \u00een baza Digital Services Act (DSA), regulamentul european care oblig\u0103 marile companii de tehnologie s\u0103 combat\u0103 con\u021binutul ilegal \u0219i riscurile pentru utilizatori.<\/p>\n<p id=\"p-2\">Potrivit concluziilor preliminare, Meta nu aplic\u0103 m\u0103suri suficiente pentru verificarea v\u00e2rstei utilizatorilor \u0219i nici pentru eliminarea conturilor apar\u021bin\u00e2nd copiilor care nu \u00eendeplinesc cerin\u021bele minime de v\u00e2rst\u0103.<\/p>\n<p id=\"p-3\">Comisia European\u0103 sus\u021bine c\u0103 Facebook \u0219i Instagram nu au implementat mecanisme eficiente pentru a detecta \u0219i elimina utilizatorii minori sub 13 ani. Oficialii europeni consider\u0103 c\u0103 regulile stabilite \u00een termenii \u0219i condi\u021biile platformelor nu sunt sus\u021binute de m\u0103suri reale de aplicare.<\/p>\n<p id=\"p-4\">Henna Virkkunen, responsabil\u0103 pentru politica tehnologic\u0103 a Uniunii Europene, a declarat c\u0103 re\u021belele sociale fac prea pu\u021bin pentru a preveni accesul copiilor mici la platforme.<\/p>\n<p id=\"p-5\">Potrivit estim\u0103rilor Comisiei Europene, \u00eentre 10% \u0219i 12% dintre copiii sub 13 ani din Europa utilizeaz\u0103 Facebook \u0219i Instagram, \u00een ciuda restric\u021biilor oficiale.<\/p>\n<p id=\"p-6\">Digital Services Act oblig\u0103 platformele digitale s\u0103 identifice \u0219i s\u0103 reduc\u0103 riscurile asociate utiliz\u0103rii serviciilor online, inclusiv expunerea minorilor la con\u021binut neadecvat sau interac\u021biuni periculoase.<\/p>\n<h2 id=\"chapter-0\">Riscul unor amenzi uria\u0219e<\/h2>\n<p id=\"p-7\">Meta are posibilitatea s\u0103 r\u0103spund\u0103 acuza\u021biilor formulate de Comisia European\u0103 \u0219i s\u0103 adopte m\u0103suri corective \u00eenainte de emiterea unei decizii finale.<\/p>\n<p id=\"p-8\">\u00cen cazul \u00een care \u00eenc\u0103lc\u0103rile vor fi confirmate, compania risc\u0103 sanc\u021biuni severe. Potrivit regulamentului european, amenzile pentru nerespectarea Digital Services Act pot ajunge la p\u00e2n\u0103 la 6% din cifra de afaceri anual\u0103 global\u0103 a unei companii.<\/p>\n<p id=\"p-9\">Autorit\u0103\u021bile europene cer Meta s\u0103 \u00ee\u0219i modifice metodologia de evaluare a riscurilor \u0219i s\u0103 \u00eembun\u0103t\u0103\u021beasc\u0103 mecanismele de verificare a v\u00e2rstei. De asemenea, platformele trebuie s\u0103 implementeze solu\u021bii mai eficiente pentru detectarea \u0219i eliminarea conturilor apar\u021bin\u00e2nd copiilor.<\/p>\n<h2 id=\"chapter-1\">Presiunea asupra marilor platforme<\/h2>\n<p id=\"p-10\">Acest caz reflect\u0103 intensificarea presiunii exercitate de Uniunea European\u0103 asupra marilor companii de tehnologie. \u00cen ultimii ani, Bruxelles-ul a adoptat reguli mai stricte pentru platformele digitale, \u00een \u00eencercarea de a proteja utilizatorii \u0219i de a limita riscurile asociate re\u021belelor sociale.<\/p>\n<p id=\"p-11\">Uniunea European\u0103 urm\u0103re\u0219te s\u0103 oblige companiile Big Tech s\u0103 \u00ee\u0219i asume responsabilitatea pentru siguran\u021ba utilizatorilor, \u00een special a minorilor. Facebook \u0219i Instagram se afl\u0103 acum \u00een centrul unei noi dispute privind respectarea regulilor digitale europene.<\/p>\n<p id=\"p-12\">Exper\u021bii \u00een tehnologie consider\u0103 c\u0103 acest caz ar putea deveni un precedent important pentru alte platforme sociale care permit accesul minorilor f\u0103r\u0103 controale eficiente.<\/p>\n","protected":false},"excerpt":{"rendered":"<p>Comisia European\u0103 a anun\u021bat c\u0103 platformele sociale nu fac suficiente eforturi pentru a \u00eempiedica accesul copiilor sub 13 ani la aceste servicii, scrie Reuters. Investiga\u021bia desf\u0103\u0219urat\u0103 timp de doi ani &hellip; <a href=\"https:\/\/microscopemedia.com\/?p=689885\" class=\"more-link\">Read More<\/a><\/p>\n","protected":false},"author":1,"featured_media":689886,"comment_status":"closed","ping_status":"closed","sticky":false,"template":"Default","format":"standard","meta":[],"categories":[1],"tags":[],"_links":{"self":[{"href":"https:\/\/microscopemedia.com\/index.php?rest_route=\/wp\/v2\/posts\/689885"}],"collection":[{"href":"https:\/\/microscopemedia.com\/index.php?rest_route=\/wp\/v2\/posts"}],"about":[{"href":"https:\/\/microscopemedia.com\/index.php?rest_route=\/wp\/v2\/types\/post"}],"author":[{"embeddable":true,"href":"https:\/\/microscopemedia.com\/index.php?rest_route=\/wp\/v2\/users\/1"}],"replies":[{"embeddable":true,"href":"https:\/\/microscopemedia.com\/index.php?rest_route=%2Fwp%2Fv2%2Fcomments&post=689885"}],"version-history":[{"count":0,"href":"https:\/\/microscopemedia.com\/index.php?rest_route=\/wp\/v2\/posts\/689885\/revisions"}],"wp:featuredmedia":[{"embeddable":true,"href":"https:\/\/microscopemedia.com\/index.php?rest_route=\/wp\/v2\/media\/689886"}],"wp:attachment":[{"href":"https:\/\/microscopemedia.com\/index.php?rest_route=%2Fwp%2Fv2%2Fmedia&parent=689885"}],"wp:term":[{"taxonomy":"category","embeddable":true,"href":"https:\/\/microscopemedia.com\/index.php?rest_route=%2Fwp%2Fv2%2Fcategories&post=689885"},{"taxonomy":"post_tag","embeddable":true,"href":"https:\/\/microscopemedia.com\/index.php?rest_route=%2Fwp%2Fv2%2Ftags&post=689885"}],"curies":[{"name":"wp","href":"https:\/\/api.w.org\/{rel}","templated":true}]}}