{"id":689899,"date":"2026-04-29T09:46:04","date_gmt":"2026-04-29T09:46:04","guid":{"rendered":"https:\/\/microscopemedia.com\/?p=689899"},"modified":"2026-04-29T09:46:04","modified_gmt":"2026-04-29T09:46:04","slug":"nicusor-dan-despre-dronele-intrate-pe-teritoriul-nationalromania-are-capacitatea-de-a-se-proteja-pentru-aceste-incidente","status":"publish","type":"post","link":"https:\/\/microscopemedia.com\/?p=689899","title":{"rendered":"Nicu\u0219or Dan despre dronele intrate pe teritoriul na\u021bional:Rom\u00e2nia are capacitatea de a se proteja pentru aceste incidente"},"content":{"rendered":"<div><img decoding=\"async\" src=\"https:\/\/microscopemedia.com\/wp-content\/uploads\/2026\/04\/nicusor-dan-despre-dronele-intrate-pe-teritoriul-nationalromania-are-capacitatea-de-a-se-proteja-pentru-aceste-incidente.jpg\" class=\"ff-og-image-inserted\"><\/div>\n<p id=\"p-0\">Pre\u0219edintele Rom\u00e2niei, Nicu\u0219or Dan, a vorbit miercuri despre num\u0103rul tot mai mare de drone ajunse pe teritoriul na\u021bional. El a explicat c\u0103 aceste incidente nu sunt rezultatul unor ac\u021biuni inten\u021bionate.<\/p>\n<p id=\"p-1\"><span class=\"cursor-pointer group\" title=\"Reda\u021bi \u00eencep\u00e2nd de la 1:09\"><span class=\"group-hover:bg-base-200 rounded p-0.5 -m-0.5\" data-start=\"69090\" data-end=\"86430\">\u201eRom\u00e2nia are capacitatea de a se proteja pentru aceste incidente.<\/span><\/span>&nbsp;<span class=\"cursor-pointer group\" title=\"Reda\u021bi \u00eencep\u00e2nd de la 1:27\"><span class=\"group-hover:bg-base-200 rounded p-0.5 -m-0.5\" data-start=\"87010\" data-end=\"92970\">\u00cen primul r\u00e2nd s\u0103 spunem c\u0103 nu a fost o inten\u021bie.<\/span><\/span>&nbsp;<span class=\"cursor-pointer group\" title=\"Reda\u021bi \u00eencep\u00e2nd de la 1:33\"><span class=\"group-hover:bg-base-200 rounded p-0.5 -m-0.5\" data-start=\"92970\" data-end=\"98650\">Da, pur \u0219i simplu a fost un atac pe ora\u0219e ucrainene de grani\u021b\u0103,<\/span><\/span>&nbsp;<span class=\"cursor-pointer group\" title=\"Reda\u021bi \u00eencep\u00e2nd de la 1:40\"><span class=\"group-hover:bg-base-200 rounded p-0.5 -m-0.5\" data-start=\"100130\" data-end=\"106670\">\u00een urma c\u0103ruia accidental aceste drone au intrat pe teritoriul nostru. <span class=\"cursor-pointer group\" title=\"Reda\u021bi \u00eencep\u00e2nd de la 1:48\">\u00cen mod neobi\u0219nuit, pentru c\u0103 noi eram obi\u0219nui\u021bi \u00een zona Deltei Dun\u0103rii \u0219i nu \u00een zona Gala\u021biului<\/span>\u201d, a declarat Nicu\u0219or Dan.<\/span><\/span><\/p>\n<p>Pre\u0219edintele a precizat c\u0103 Rom\u00e2nia are o capacitate de protec\u021bie \u00eembun\u0103t\u0103\u021bit\u0103.<\/p>\n<p id=\"p-2\"><span class=\"cursor-pointer group\" title=\"Reda\u021bi \u00eencep\u00e2nd de la 1:48\"><span class=\"group-hover:bg-base-200 rounded p-0.5 -m-0.5\" data-start=\"107690\" data-end=\"115650\">\u201e<\/span><\/span><span class=\"cursor-pointer group\" title=\"Reda\u021bi \u00eencep\u00e2nd de la 1:59\"><span class=\"group-hover:bg-base-200 rounded p-0.5 -m-0.5\" data-start=\"119070\" data-end=\"128930\">Capacitatea noastr\u0103 actual\u0103 care a fost \u00eembun\u0103t\u0103\u021bit\u0103 fa\u021b\u0103 de anii anteriori ne permite o protec\u021bie pe o zon\u0103,<\/span><\/span>&nbsp;<span class=\"cursor-pointer group\" title=\"Reda\u021bi \u00eencep\u00e2nd de la 2:10\"><span class=\"group-hover:bg-base-200 rounded p-0.5 -m-0.5\" data-start=\"129570\" data-end=\"138810\">iar acum optimiz\u0103m. Pe termen de un an din momentul acesta vom fi complet ap\u0103ra\u021bi\u201d, a mai spus pre\u0219edintele.<\/span><\/span><\/p>\n<p id=\"p-3\"><span class=\"cursor-pointer group\" title=\"Reda\u021bi \u00eencep\u00e2nd de la 2:22\"><span class=\"group-hover:bg-base-200 rounded p-0.5 -m-0.5\" data-start=\"141530\" data-end=\"151690\">S\u0103pt\u0103m\u00e2na trecut\u0103 c\u00e2nd a venit secretarul For\u021belor Terestre american,<\/span><\/span>&nbsp;<span class=\"cursor-pointer group\" title=\"Reda\u021bi \u00eencep\u00e2nd de la 2:32\"><span class=\"group-hover:bg-base-200 rounded p-0.5 -m-0.5 bg-primary\/25 transition-all duration-200\" data-start=\"151830\" data-end=\"161210\" data-active>a semnat un protocol cu ministrul ap\u0103r\u0103rii, a mai men\u021bionat pre\u0219edintele Dan.&nbsp; \u201eAsta r\u0103spunde unei necesit\u0103\u021bi,<\/span><\/span>&nbsp;<span class=\"cursor-pointer group\" title=\"Reda\u021bi \u00eencep\u00e2nd de la 2:42\"><span class=\"group-hover:bg-base-200 rounded p-0.5 -m-0.5\" data-start=\"161950\" data-end=\"167490\">pentru c\u0103 este o zon\u0103 tehnologic\u0103 care se dezvolt\u0103 extrem de rapid<\/span><\/span>&nbsp;<span class=\"cursor-pointer group\" title=\"Reda\u021bi \u00eencep\u00e2nd de la 2:48\"><span class=\"group-hover:bg-base-200 rounded p-0.5 -m-0.5\" data-start=\"168090\" data-end=\"176410\">\u0219i Rom\u00e2nia a creat \u00eempreun\u0103 cu Statele Unite \u0219i Marea Britanie s\u0103 fie partea unei platforme de produc\u021bie<\/span><\/span>&nbsp;<span class=\"cursor-pointer group\" title=\"Reda\u021bi \u00eencep\u00e2nd de la 2:56\"><span class=\"group-hover:bg-base-200 rounded p-0.5 -m-0.5\" data-start=\"176410\" data-end=\"189630\">\u0219i distribu\u021bia sistemelor de drone \u0219i antidrone \u00een timp real, care s\u0103 evite toate aceste proceduri de achizi\u021bie.<\/span><\/span>&nbsp;<span class=\"cursor-pointer group\" title=\"Reda\u021bi \u00eencep\u00e2nd de la 3:10\"><span class=\"group-hover:bg-base-200 rounded p-0.5 -m-0.5\" data-start=\"189630\" data-end=\"198470\">Este o necesitate pe care Rom\u00e2nia, ca to\u021bi partenerii, o \u00een\u021belege de a lucra \u00een timp real \u0219i face progrese pe asta\u201d, a declarat Nicu\u0219or Dan.&nbsp;<\/span><\/span><\/p>\n","protected":false},"excerpt":{"rendered":"<p>Pre\u0219edintele Rom\u00e2niei, Nicu\u0219or Dan, a vorbit miercuri despre num\u0103rul tot mai mare de drone ajunse pe teritoriul na\u021bional. El a explicat c\u0103 aceste incidente nu sunt rezultatul unor ac\u021biuni inten\u021bionate. &hellip; <a href=\"https:\/\/microscopemedia.com\/?p=689899\" class=\"more-link\">Read More<\/a><\/p>\n","protected":false},"author":1,"featured_media":689900,"comment_status":"closed","ping_status":"closed","sticky":false,"template":"Default","format":"standard","meta":[],"categories":[1],"tags":[],"_links":{"self":[{"href":"https:\/\/microscopemedia.com\/index.php?rest_route=\/wp\/v2\/posts\/689899"}],"collection":[{"href":"https:\/\/microscopemedia.com\/index.php?rest_route=\/wp\/v2\/posts"}],"about":[{"href":"https:\/\/microscopemedia.com\/index.php?rest_route=\/wp\/v2\/types\/post"}],"author":[{"embeddable":true,"href":"https:\/\/microscopemedia.com\/index.php?rest_route=\/wp\/v2\/users\/1"}],"replies":[{"embeddable":true,"href":"https:\/\/microscopemedia.com\/index.php?rest_route=%2Fwp%2Fv2%2Fcomments&post=689899"}],"version-history":[{"count":0,"href":"https:\/\/microscopemedia.com\/index.php?rest_route=\/wp\/v2\/posts\/689899\/revisions"}],"wp:featuredmedia":[{"embeddable":true,"href":"https:\/\/microscopemedia.com\/index.php?rest_route=\/wp\/v2\/media\/689900"}],"wp:attachment":[{"href":"https:\/\/microscopemedia.com\/index.php?rest_route=%2Fwp%2Fv2%2Fmedia&parent=689899"}],"wp:term":[{"taxonomy":"category","embeddable":true,"href":"https:\/\/microscopemedia.com\/index.php?rest_route=%2Fwp%2Fv2%2Fcategories&post=689899"},{"taxonomy":"post_tag","embeddable":true,"href":"https:\/\/microscopemedia.com\/index.php?rest_route=%2Fwp%2Fv2%2Ftags&post=689899"}],"curies":[{"name":"wp","href":"https:\/\/api.w.org\/{rel}","templated":true}]}}