{"id":689903,"date":"2026-04-29T10:16:03","date_gmt":"2026-04-29T10:16:03","guid":{"rendered":"https:\/\/microscopemedia.com\/?p=689903"},"modified":"2026-04-29T10:16:03","modified_gmt":"2026-04-29T10:16:03","slug":"belarus-anunta-inchiderea-granitei-pentru-cetatenii-rusi-vizati-de-mobilizare","status":"publish","type":"post","link":"https:\/\/microscopemedia.com\/?p=689903","title":{"rendered":"Belarus anun\u021b\u0103 \u00eenchiderea grani\u021bei pentru cet\u0103\u021benii ru\u0219i viza\u021bi de mobilizare"},"content":{"rendered":"<div><img decoding=\"async\" src=\"https:\/\/microscopemedia.com\/wp-content\/uploads\/2026\/04\/belarus-anunta-inchiderea-granitei-pentru-cetatenii-rusi-vizati-de-mobilizare.jpg\" class=\"ff-og-image-inserted\"><\/div>\n<p id=\"p-0\"><span>Autorit\u0103\u021bile vamale belaruse au transmis miercuri c\u0103 restric\u021biile de c\u0103l\u0103torie sunt aplicate pe baza unei baze de date comune Rusia-Belarus, care include persoanele care sunt vizate de recrutarea \u00een armata rus\u0103.&nbsp;<\/span><\/p>\n<p id=\"p-1\"><span>\u201eDac\u0103 nu exist\u0103 o interdic\u021bie de ie\u0219ire impus\u0103 de Federa\u021bia Rus\u0103 \u0219i toate documentele sunt \u00een regul\u0103, persoanei i se va permite s\u0103 plece. Dac\u0103 persoana se afl\u0103 \u00een baza de date, accesul \u00eei va fi refuzat \u201d, au transmis serviciile vamale de la Minsk, citate de <span><a href=\"https:\/\/www.kyivpost.com\/post\/74991\">Kyiv Post<\/a><\/span>.&nbsp;<\/span><\/p>\n<p id=\"p-2\"><span>Cele dou\u0103 state \u0219i-au aliniat politicile vamale, iar cet\u0103\u021benii celor dou\u0103 state pot traversa frontiera f\u0103r\u0103 un control formal. Cu toate acestea, exist\u0103 o baz\u0103 de date comun\u0103 \u00een care sunt trecu\u021bi cet\u0103\u021benii viza\u021bi de diferite restric\u021bii.<\/span><\/p>\n<p id=\"p-3\"><span>Prin implementarea acestui sistem, este eliminat\u0103 una dintre ultimele rute de evitare a recrut\u0103rii pentru cet\u0103\u021benii ru\u0219i.&nbsp;&nbsp;<\/span><\/p>\n<p id=\"p-4\"><span>Anun\u021bul vine dup\u0103 declara\u021biile pre\u0219edintele ucrainean Volodimir Zelenski care sus\u021bine c\u0103 Rusia \u00ee\u0219i va extinde eforturile de mobilizare pentru a compensa pierderile suferite \u00een r\u0103zboiul din Ucraina.&nbsp;<\/span><\/p>\n<p id=\"p-5\"><span>Zelenski a afirmat c\u0103 serviciile de informa\u021bii ucrainene au ob\u021binut documente interne care indic\u0103 faptul c\u0103 armata rus\u0103 nu \u00ee\u0219i atinge obiectivele stabilite \u0219i c\u0103 for\u021bele ucrainene provoac\u0103 pierderi semnificative ofensivei ruse.&nbsp;<\/span><\/p>\n","protected":false},"excerpt":{"rendered":"<p>Autorit\u0103\u021bile vamale belaruse au transmis miercuri c\u0103 restric\u021biile de c\u0103l\u0103torie sunt aplicate pe baza unei baze de date comune Rusia-Belarus, care include persoanele care sunt vizate de recrutarea \u00een armata &hellip; <a href=\"https:\/\/microscopemedia.com\/?p=689903\" class=\"more-link\">Read More<\/a><\/p>\n","protected":false},"author":1,"featured_media":689904,"comment_status":"closed","ping_status":"closed","sticky":false,"template":"Default","format":"standard","meta":[],"categories":[1],"tags":[],"_links":{"self":[{"href":"https:\/\/microscopemedia.com\/index.php?rest_route=\/wp\/v2\/posts\/689903"}],"collection":[{"href":"https:\/\/microscopemedia.com\/index.php?rest_route=\/wp\/v2\/posts"}],"about":[{"href":"https:\/\/microscopemedia.com\/index.php?rest_route=\/wp\/v2\/types\/post"}],"author":[{"embeddable":true,"href":"https:\/\/microscopemedia.com\/index.php?rest_route=\/wp\/v2\/users\/1"}],"replies":[{"embeddable":true,"href":"https:\/\/microscopemedia.com\/index.php?rest_route=%2Fwp%2Fv2%2Fcomments&post=689903"}],"version-history":[{"count":0,"href":"https:\/\/microscopemedia.com\/index.php?rest_route=\/wp\/v2\/posts\/689903\/revisions"}],"wp:featuredmedia":[{"embeddable":true,"href":"https:\/\/microscopemedia.com\/index.php?rest_route=\/wp\/v2\/media\/689904"}],"wp:attachment":[{"href":"https:\/\/microscopemedia.com\/index.php?rest_route=%2Fwp%2Fv2%2Fmedia&parent=689903"}],"wp:term":[{"taxonomy":"category","embeddable":true,"href":"https:\/\/microscopemedia.com\/index.php?rest_route=%2Fwp%2Fv2%2Fcategories&post=689903"},{"taxonomy":"post_tag","embeddable":true,"href":"https:\/\/microscopemedia.com\/index.php?rest_route=%2Fwp%2Fv2%2Ftags&post=689903"}],"curies":[{"name":"wp","href":"https:\/\/api.w.org\/{rel}","templated":true}]}}