{"id":689909,"date":"2026-04-29T10:56:03","date_gmt":"2026-04-29T10:56:03","guid":{"rendered":"https:\/\/microscopemedia.com\/?p=689909"},"modified":"2026-04-29T10:56:03","modified_gmt":"2026-04-29T10:56:03","slug":"psd-apel-catre-liberali-sa-abandoneze-un-premier-care-si-a-pierdut-sprijinul-politic","status":"publish","type":"post","link":"https:\/\/microscopemedia.com\/?p=689909","title":{"rendered":"PSD, apel c\u0103tre liberali s\u0103 abandoneze \u201eun premier care \u0219i-a pierdut sprijinul politic\u201d"},"content":{"rendered":"<div><img decoding=\"async\" src=\"https:\/\/microscopemedia.com\/wp-content\/uploads\/2026\/04\/psd-apel-catre-liberali-sa-abandoneze-un-premier-care-si-a-pierdut-sprijinul-politic.jpg\" class=\"ff-og-image-inserted\"><\/div>\n<p id=\"p-0\"><span>PSD sus\u021bine c\u0103 men\u021binerea lui Ilie Bolojan \u00een fruntea Guvernului reprezint\u0103 un pericol major pentru stabilitatea financiar\u0103 a Rom\u00e2niei.&nbsp;<\/span><\/p>\n<p id=\"p-1\"><span>\u201e<\/span><span>Facem apel la liderii responsabili s\u0103 \u00een\u021beleag\u0103 c\u0103 a-l sus\u021bine pe Bolojan p\u00e2n\u0103 \u00een p\u00e2nzele albe, \u00een fruntea unui guvern nefunc\u021bional, \u00eenseamn\u0103 a distruge orice \u0219ans\u0103 de scoatere a economiei din recesiune, cu un efect dramatic asupra vie\u021bii rom\u00e2nilor!<\/span><span>\u201d, se arat\u0103 \u00een mesajul publicat pe Facebook de Partidul Social Democrat.&nbsp;<\/span><\/p>\n<p id=\"p-2\"><span>Ace\u0219tia au lansat un nou val de critici la adresa premierului Ilie Bolojan c\u0103 \u201ese aga\u021b\u0103 de func\u021bie\u201d \u00een ciuda pierderii sprijinului politic.&nbsp;<\/span><\/p>\n<p id=\"p-3\"><span>\u201e<\/span><span>Faptul c\u0103 Ilie Bolojan se aga\u021b\u0103 cu orice pre\u021b de func\u021bie \u2013 contrar chiar celor exprimate public, \u00een repetate r\u00e2nduri, anul trecut \u2013 nu reprezint\u0103 dec\u00e2t o agravare a situa\u021biei economice a \u021b\u0103rii\u201d, transmit social-democra\u021bii.&nbsp;<\/span><\/p>\n<p id=\"p-4\"><span>Forma\u021biunea condus\u0103 de Sorin Grindeanu face apel \u0219i la opozi\u021bia intern\u0103 din PNL fa\u021b\u0103 de Bolojan s\u0103 se exprime public pentru facilitarea schimb\u0103rii politice.&nbsp;<\/span><\/p>\n<p id=\"p-5\"><span>\u201eAm v\u0103zut \u00een ultimele zile c\u00e2teva voci importante din PNL, at\u00e2t la nivel central, c\u00e2t \u0219i din teritoriu, care vorbesc despre necesitatea unui dialog politic post-Bolojan \u00eentre partidele care compun alian\u021ba de guvernare. \u00cei \u00eencuraj\u0103m pe to\u021bi liberalii care g\u00e2ndesc la fel, dar nu au avut, deocamdat\u0103, curajul s\u0103 se exprime, s\u0103 o fac\u0103 \u00een aceste zile\u201d, noteaz\u0103 PSD.&nbsp;<\/span><\/p>\n<p id=\"p-6\"><span>De asemenea, social-democra\u021bii solicit\u0103 din nou demisia premierului: \u201ePoate \u00een acest fel Ilie Bolojan \u00een\u021belege c\u0103, \u00een orice stat democratic din lume, un premier care \u0219i-a pierdut sprijinul politic alege singurul gest de onoare: demisia\u201d.&nbsp;<\/span><\/p>\n<p id=\"p-7\"><span>Apelul lansat de Partidul Social Democrat, vine dup\u0103 ce forma\u021biunea s-a retras de la guvernare prin demisiile mini\u0219trilor \u0219i <span><a href=\"https:\/\/www.mediafax.ro\/politic\/psd-si-a-retras-toti-reprezentantii-din-functiile-de-la-guvern-si-din-teritoriu-23728298\">retragerea<\/a> <\/span>tuturor reprezentan\u021bilor din aparatul Guvernului, dar \u0219i \u00een contextul <span><a href=\"https:\/\/www.mediafax.ro\/politic\/motiunea-de-cenzura-impotriva-guvernului-bolojan-citita-astazi-in-parlament-votul-decisiv-programat-pe-5-mai-23728266\">mo\u021biunii<\/a> <\/span>de cenzur\u0103 depuse al\u0103turi de AUR.&nbsp;<\/span><\/p>\n","protected":false},"excerpt":{"rendered":"<p>PSD sus\u021bine c\u0103 men\u021binerea lui Ilie Bolojan \u00een fruntea Guvernului reprezint\u0103 un pericol major pentru stabilitatea financiar\u0103 a Rom\u00e2niei.&nbsp; \u201eFacem apel la liderii responsabili s\u0103 \u00een\u021beleag\u0103 c\u0103 a-l sus\u021bine pe &hellip; <a href=\"https:\/\/microscopemedia.com\/?p=689909\" class=\"more-link\">Read More<\/a><\/p>\n","protected":false},"author":1,"featured_media":689910,"comment_status":"closed","ping_status":"closed","sticky":false,"template":"Default","format":"standard","meta":[],"categories":[1],"tags":[],"_links":{"self":[{"href":"https:\/\/microscopemedia.com\/index.php?rest_route=\/wp\/v2\/posts\/689909"}],"collection":[{"href":"https:\/\/microscopemedia.com\/index.php?rest_route=\/wp\/v2\/posts"}],"about":[{"href":"https:\/\/microscopemedia.com\/index.php?rest_route=\/wp\/v2\/types\/post"}],"author":[{"embeddable":true,"href":"https:\/\/microscopemedia.com\/index.php?rest_route=\/wp\/v2\/users\/1"}],"replies":[{"embeddable":true,"href":"https:\/\/microscopemedia.com\/index.php?rest_route=%2Fwp%2Fv2%2Fcomments&post=689909"}],"version-history":[{"count":0,"href":"https:\/\/microscopemedia.com\/index.php?rest_route=\/wp\/v2\/posts\/689909\/revisions"}],"wp:featuredmedia":[{"embeddable":true,"href":"https:\/\/microscopemedia.com\/index.php?rest_route=\/wp\/v2\/media\/689910"}],"wp:attachment":[{"href":"https:\/\/microscopemedia.com\/index.php?rest_route=%2Fwp%2Fv2%2Fmedia&parent=689909"}],"wp:term":[{"taxonomy":"category","embeddable":true,"href":"https:\/\/microscopemedia.com\/index.php?rest_route=%2Fwp%2Fv2%2Fcategories&post=689909"},{"taxonomy":"post_tag","embeddable":true,"href":"https:\/\/microscopemedia.com\/index.php?rest_route=%2Fwp%2Fv2%2Ftags&post=689909"}],"curies":[{"name":"wp","href":"https:\/\/api.w.org\/{rel}","templated":true}]}}