{"id":689911,"date":"2026-04-29T11:06:04","date_gmt":"2026-04-29T11:06:04","guid":{"rendered":"https:\/\/microscopemedia.com\/?p=689911"},"modified":"2026-04-29T11:06:04","modified_gmt":"2026-04-29T11:06:04","slug":"atentionare-de-calatorie-emisa-de-mae-greva-maritima-in-grecia-de-1-mai-toate-feriboturile-vor-fi-oprite","status":"publish","type":"post","link":"https:\/\/microscopemedia.com\/?p=689911","title":{"rendered":"Aten\u021bionare de c\u0103l\u0103torie emis\u0103 de MAE: Grev\u0103 maritim\u0103 \u00een Grecia de 1 mai. Toate feriboturile vor fi oprite"},"content":{"rendered":"<div><img decoding=\"async\" src=\"https:\/\/microscopemedia.com\/wp-content\/uploads\/2026\/04\/atentionare-de-calatorie-emisa-de-mae-greva-maritima-in-grecia-de-1-mai-toate-feriboturile-vor-fi-oprite.jpg\" class=\"ff-og-image-inserted\"><\/div>\n<p data-start=\"90\" data-end=\"378\" id=\"p-0\">Ministerul Afacerilor Externe (MAE) a emis miercuri o aten\u021bionare de c\u0103l\u0103torie pentru <span class=\"hover:entity-accent entity-underline inline cursor-pointer align-baseline\"><span class=\"whitespace-normal\">Grecia<\/span><\/span>, unde, de 1 mai, este anun\u021bat\u0103 o grev\u0103 \u00een sectorul maritim. \u00cen aceste condi\u021bii, toate navele, inclusiv feriboturile c\u0103tre insule, vor r\u0103m\u00e2ne \u00een porturi pe parcursul \u00eentregii zile.<\/p>\n<p data-start=\"380\" data-end=\"664\" id=\"p-1\">Potrivit informa\u021biilor transmise de <span class=\"hover:entity-accent entity-underline inline cursor-pointer align-baseline\"><span class=\"whitespace-normal\">Ministerul Afacerilor Externe<\/span><\/span>, ac\u021biunea este organizat\u0103 de Confedera\u021bia Maritim\u0103 Panelen\u0103 \u0219i va \u00eencepe la ora 00:01. Astfel, transportul maritim de pasageri \u0219i vehicule \u00eentre partea continental\u0103 \u0219i insulele grece\u0219ti va fi complet suspendat.<\/p>\n<p data-start=\"666\" data-end=\"844\" id=\"p-2\">Autorit\u0103\u021bile le recomand\u0103 rom\u00e2nilor care se afl\u0103, tranziteaz\u0103 sau inten\u021bioneaz\u0103 s\u0103 c\u0103l\u0103toreasc\u0103 \u00een Grecia s\u0103 \u00ee\u0219i planifice atent deplas\u0103rile \u0219i s\u0103 \u021bin\u0103 cont de aceste restric\u021bii.<\/p>\n<section class=\"text-token-text-primary w-full focus:outline-none [--shadow-height:45px] has-data-writing-block:pointer-events-none has-data-writing-block:-mt-(--shadow-height) has-data-writing-block:pt-(--shadow-height) [&amp;:has([data-writing-block])>*]:pointer-events-auto [content-visibility:auto] supports-[content-visibility:auto]:[contain-intrinsic-size:auto_100lvh] R6Vx5W_threadScrollVars scroll-mb-[calc(var(&#8211;scroll-root-safe-area-inset-bottom,0px)+var(&#8211;thread-response-height))] scroll-mt-[calc(var(&#8211;header-height)+min(200px,max(70px,20svh)))]&#8221; dir=&#8221;auto&#8221; data-turn-id=&#8221;request-69e28784-f728-83eb-9980-9ed3464652aa-23&#8243; data-testid=&#8221;conversation-turn-266&#8243; data-scroll-anchor=&#8221;false&#8221; data-turn=&#8221;assistant&#8221;><\/p>\n<div class=\"text-base my-auto mx-auto pb-10 [--thread-content-margin:var(--thread-content-margin-xs,calc(var(--spacing)*4))] @w-sm\/main:[--thread-content-margin:var(--thread-content-margin-sm,calc(var(--spacing)*6))] @w-lg\/main:[--thread-content-margin:var(--thread-content-margin-lg,calc(var(--spacing)*16))] px-(--thread-content-margin)\">\n<div class=\"[--thread-content-max-width:40rem] @w-lg\/main:[--thread-content-max-width:48rem] mx-auto max-w-(--thread-content-max-width) flex-1 group\/turn-messages focus-visible:outline-hidden relative flex w-full min-w-0 flex-col agent-turn\">\n<div class=\"flex max-w-full flex-col gap-4 grow\">\n<div class=\"min-h-8 text-message relative flex w-full flex-col items-end gap-2 text-start break-words whitespace-normal outline-none keyboard-focused:focus-ring [.text-message+&amp;]:mt-1\" dir=\"auto\" tabindex=\"0\" data-message-author-role=\"assistant\" data-message-id=\"6da74621-d5d8-43af-873f-47c114e4f75c\" data-message-model-slug=\"gpt-5-3\" data-turn-start-message=\"true\">\n<div class=\"flex w-full flex-col gap-1 empty:hidden\" readability=\"12.460063897764\">\n<div class=\"markdown prose dark:prose-invert w-full wrap-break-word light markdown-new-styling\" readability=\"20.127795527157\">\n<p data-start=\"846\" data-end=\"1162\" id=\"p-3\">MAE reaminte\u0219te c\u0103 cet\u0103\u021benii rom\u00e2ni pot solicita asisten\u021b\u0103 consular\u0103 la numerele Ambasadei Rom\u00e2niei la <span class=\"hover:entity-accent entity-underline inline cursor-pointer align-baseline\"><span class=\"whitespace-normal\">Atena: <\/span><\/span>+30 210 672 8875, +30 210 672 8879 \u015fi cel al Consulatului General al Rom\u00e2niei la Salonic: +30 231 034 0088.<\/p>\n<p data-start=\"846\" data-end=\"1162\" id=\"p-4\">Apelurile sunt redirec\u0163ionate c\u0103tre Centrul de Contact \u015fi Suport al Cet\u0103\u0163enilor Rom\u00e2ni din Str\u0103in\u0103tate (CCSCRS) \u015fi preluate de c\u0103tre operatorii Call Center, \u00een regim de permanen\u0163\u0103.<\/p>\n<p data-start=\"1302\" data-end=\"1489\" data-is-last-node data-is-only-node id=\"p-5\">Totodat\u0103, MAE recomand\u0103 consultarea <a href=\"https:\/\/atena.mae.ro\/\">site-ului oficial<\/a> \u0219i a aplica\u021biei \u201e<a href=\"https:\/\/www.gov.gr\/en\/upourgeia\/upourgeio-tourismou\/tourismou\/maigreece\">mAIGreece<\/a>\u201d, pus\u0103 la dispozi\u021bie de autorit\u0103\u021bile elene, pentru informa\u021bii actualizate privind condi\u021biile de c\u0103l\u0103torie.<\/p>\n<\/div>\n<\/div>\n<\/div>\n<\/div>\n<\/div>\n<\/div>\n<\/section>\n","protected":false},"excerpt":{"rendered":"<p>Ministerul Afacerilor Externe (MAE) a emis miercuri o aten\u021bionare de c\u0103l\u0103torie pentru Grecia, unde, de 1 mai, este anun\u021bat\u0103 o grev\u0103 \u00een sectorul maritim. \u00cen aceste condi\u021bii, toate navele, inclusiv &hellip; <a href=\"https:\/\/microscopemedia.com\/?p=689911\" class=\"more-link\">Read More<\/a><\/p>\n","protected":false},"author":1,"featured_media":689912,"comment_status":"closed","ping_status":"closed","sticky":false,"template":"Default","format":"standard","meta":[],"categories":[1],"tags":[],"_links":{"self":[{"href":"https:\/\/microscopemedia.com\/index.php?rest_route=\/wp\/v2\/posts\/689911"}],"collection":[{"href":"https:\/\/microscopemedia.com\/index.php?rest_route=\/wp\/v2\/posts"}],"about":[{"href":"https:\/\/microscopemedia.com\/index.php?rest_route=\/wp\/v2\/types\/post"}],"author":[{"embeddable":true,"href":"https:\/\/microscopemedia.com\/index.php?rest_route=\/wp\/v2\/users\/1"}],"replies":[{"embeddable":true,"href":"https:\/\/microscopemedia.com\/index.php?rest_route=%2Fwp%2Fv2%2Fcomments&post=689911"}],"version-history":[{"count":0,"href":"https:\/\/microscopemedia.com\/index.php?rest_route=\/wp\/v2\/posts\/689911\/revisions"}],"wp:featuredmedia":[{"embeddable":true,"href":"https:\/\/microscopemedia.com\/index.php?rest_route=\/wp\/v2\/media\/689912"}],"wp:attachment":[{"href":"https:\/\/microscopemedia.com\/index.php?rest_route=%2Fwp%2Fv2%2Fmedia&parent=689911"}],"wp:term":[{"taxonomy":"category","embeddable":true,"href":"https:\/\/microscopemedia.com\/index.php?rest_route=%2Fwp%2Fv2%2Fcategories&post=689911"},{"taxonomy":"post_tag","embeddable":true,"href":"https:\/\/microscopemedia.com\/index.php?rest_route=%2Fwp%2Fv2%2Ftags&post=689911"}],"curies":[{"name":"wp","href":"https:\/\/api.w.org\/{rel}","templated":true}]}}