{"id":689917,"date":"2026-04-29T11:46:03","date_gmt":"2026-04-29T11:46:03","guid":{"rendered":"https:\/\/microscopemedia.com\/?p=689917"},"modified":"2026-04-29T11:46:03","modified_gmt":"2026-04-29T11:46:03","slug":"nicusor-dan-despre-initiativa-celor-trei-mari-pentru-romania-este-o-oportunitate-de-conectare-economica-si-promovare-a-intereselor","status":"publish","type":"post","link":"https:\/\/microscopemedia.com\/?p=689917","title":{"rendered":"Nicu\u0219or Dan despre Ini\u021biativa celor Trei M\u0103ri: \u201ePentru Rom\u00e2nia, este o oportunitate de conectare economic\u0103 \u0219i promovare a intereselor\u201d"},"content":{"rendered":"<div><img decoding=\"async\" src=\"https:\/\/microscopemedia.com\/wp-content\/uploads\/2026\/04\/nicusor-dan-despre-initiativa-celor-trei-mari-pentru-romania-este-o-oportunitate-de-conectare-economica-si-promovare-a-intereselor.jpg\" class=\"ff-og-image-inserted\"><\/div>\n<p data-start=\"107\" data-end=\"368\" id=\"p-0\">Pre\u0219edintele Rom\u00e2niei, <span class=\"hover:entity-accent entity-underline inline cursor-pointer align-baseline\"><span class=\"whitespace-normal\">Nicu\u0219or Dan<\/span><\/span>, a transmis miercuri, pe pagina sa de X, c\u0103 participarea sa la Forumul de Afaceri al Ini\u021biativei celor Trei M\u0103ri reprezint\u0103 o \u201ebun\u0103 oportunitate s\u0103 ne asociem \u0219i s\u0103 ne conect\u0103m economiile pentru a ne promova cu to\u021bii mai bine interesele\u201d.<\/p>\n<p data-start=\"370\" data-end=\"513\" id=\"p-1\">\u201eAm participat ast\u0103zi la sesiunea special\u0103 a Forumului de Afaceri al Ini\u021biativei celor Trei M\u0103ri, un format relevant pentru c\u0103 reune\u0219te \u021b\u0103ri, cele mai multe dintre ele foste comuniste, care au o dezvoltare similar\u0103 \u0219i acelea\u0219i aspira\u021bii \u00een interiorul Uniunii Europene, urm\u0103rind obiective comune \u00een energie \u0219i \u00een ceea ce prive\u0219te competitivitatea.\u201d, a scris pre\u0219edintele.<\/p>\n<p data-start=\"370\" data-end=\"513\" id=\"p-2\">Pre\u0219edintele a precizat c\u0103 o cooperare mai str\u00e2ns\u0103 \u00eentre aceste state poate duce la rezultate concrete, mai ales \u00een domeniul inov\u0103rii.<\/p>\n<p data-start=\"1027\" data-end=\"1158\" id=\"p-3\">\u201e\u00cempreun\u01ce putem s\u0103 fim mai eficien\u021bi \u0219i s\u0103 avem mai multe fonduri disponibile pentru inovare, care reprezint\u0103 motorul progresului.\u201d, a scris Nicu\u0219or Dan.<\/p>\n<p data-start=\"1027\" data-end=\"1158\" id=\"p-4\">\u201ePentru Rom\u00e2nia, este a\u0219adar o bun\u0103 oportunitate s\u0103 ne asociem \u0219i s\u0103 ne conect\u0103m economiile pentru a ne promova cu to\u021bii mai bine interesele.\u201d<\/p>\n","protected":false},"excerpt":{"rendered":"<p>Pre\u0219edintele Rom\u00e2niei, Nicu\u0219or Dan, a transmis miercuri, pe pagina sa de X, c\u0103 participarea sa la Forumul de Afaceri al Ini\u021biativei celor Trei M\u0103ri reprezint\u0103 o \u201ebun\u0103 oportunitate s\u0103 ne &hellip; <a href=\"https:\/\/microscopemedia.com\/?p=689917\" class=\"more-link\">Read More<\/a><\/p>\n","protected":false},"author":1,"featured_media":689918,"comment_status":"closed","ping_status":"closed","sticky":false,"template":"Default","format":"standard","meta":[],"categories":[1],"tags":[],"_links":{"self":[{"href":"https:\/\/microscopemedia.com\/index.php?rest_route=\/wp\/v2\/posts\/689917"}],"collection":[{"href":"https:\/\/microscopemedia.com\/index.php?rest_route=\/wp\/v2\/posts"}],"about":[{"href":"https:\/\/microscopemedia.com\/index.php?rest_route=\/wp\/v2\/types\/post"}],"author":[{"embeddable":true,"href":"https:\/\/microscopemedia.com\/index.php?rest_route=\/wp\/v2\/users\/1"}],"replies":[{"embeddable":true,"href":"https:\/\/microscopemedia.com\/index.php?rest_route=%2Fwp%2Fv2%2Fcomments&post=689917"}],"version-history":[{"count":0,"href":"https:\/\/microscopemedia.com\/index.php?rest_route=\/wp\/v2\/posts\/689917\/revisions"}],"wp:featuredmedia":[{"embeddable":true,"href":"https:\/\/microscopemedia.com\/index.php?rest_route=\/wp\/v2\/media\/689918"}],"wp:attachment":[{"href":"https:\/\/microscopemedia.com\/index.php?rest_route=%2Fwp%2Fv2%2Fmedia&parent=689917"}],"wp:term":[{"taxonomy":"category","embeddable":true,"href":"https:\/\/microscopemedia.com\/index.php?rest_route=%2Fwp%2Fv2%2Fcategories&post=689917"},{"taxonomy":"post_tag","embeddable":true,"href":"https:\/\/microscopemedia.com\/index.php?rest_route=%2Fwp%2Fv2%2Ftags&post=689917"}],"curies":[{"name":"wp","href":"https:\/\/api.w.org\/{rel}","templated":true}]}}