{"id":689923,"date":"2026-04-29T12:26:03","date_gmt":"2026-04-29T12:26:03","guid":{"rendered":"https:\/\/microscopemedia.com\/?p=689923"},"modified":"2026-04-29T12:26:03","modified_gmt":"2026-04-29T12:26:03","slug":"curtea-suprema-slovaca-mentine-pedeapsa-pentru-barbatul-care-a-incercat-sa-l-asasineze-pe-premierul-robert-fico","status":"publish","type":"post","link":"https:\/\/microscopemedia.com\/?p=689923","title":{"rendered":"Curtea Suprem\u0103 slovac\u0103 men\u021bine pedeapsa pentru b\u0103rbatul care a \u00eencercat s\u0103-l asasineze pe premierul Robert Fico"},"content":{"rendered":"<div><img decoding=\"async\" src=\"https:\/\/microscopemedia.com\/wp-content\/uploads\/2026\/04\/curtea-suprema-slovaca-mentine-pedeapsa-pentru-barbatul-care-a-incercat-sa-l-asasineze-pe-premierul-robert-fico.jpg\" class=\"ff-og-image-inserted\"><\/div>\n<p id=\"p-0\"><span dir=\"auto\">Curtea Suprem\u0103 a Slovaciei a decis, miercuri, s\u0103 men\u021bin\u0103 decizia unei instan\u021be inferioare, care a condamnat un b\u0103rbat la 21 de ani de \u00eenchisoare pentru un atac terorist \u0219i pentru <\/span><span dir=\"auto\">tentativ\u0103 de asasinat asupra<\/span><span dir=\"auto\">&nbsp;premierului populist al \u021b\u0103rii,&nbsp;<\/span><span dir=\"auto\">Robert Fico, scrie <a href=\"https:\/\/newsroom.ap.org\/detail\/SlovakSupremeCourtupholds21-yearsentenceformanwhotriedtoassassinateprimeministerFico\/89a07bef7c37c5c862dae743259fc9ba\/text?vs=false&amp;currentItemNo=9&amp;startingItemNo=0\" target=\"_blank\" rel=\"noopener\">AP News<\/a>.<\/span><\/p>\n<p id=\"p-1\">\u00cen urm\u0103 cu aproape doi ani, Juraj Cintula, \u00een v\u00e2rst\u0103 de 73 de ani, a deschis focul asupra lui Fico pe 15 mai, \u00een timp ce prim-ministrul \u00ee\u0219i saluta sus\u021bin\u0103torii, dup\u0103 o \u0219edin\u021b\u0103 guvernamental\u0103 \u00een ora\u0219ul Handlov\u00e1, la aproximativ 140 de kilometri nord-est de capitala Bratislava.<\/p>\n<h2 id=\"chapter-0\">Atacul, motivat de dezacordul politic<\/h2>\n<p id=\"p-2\">B\u0103rbatul <span dir=\"auto\">a fost re\u021binut imediat dup\u0103 atac<\/span><span dir=\"auto\">&nbsp;. El a sus\u021binut c\u0103 motivul atacului a fost dezacordul s\u0103u cu politicile guvernamentale, dar a respins acuza\u021bia de a fi \u201eterorist\u201d. El a spus c\u0103 a vrut s\u0103-i fac\u0103 r\u0103u lui Fico, dar nu s\u0103-l omoare, potrivit aceleia\u0219i surse. Fico a fost \u00eempu\u0219cat \u00een abdomen \u0219i a fost dus de la Handlov\u00e1 la un spital din ora\u0219ul apropiat Bansk\u00e1 Bystrica. A fost supus unei interven\u021bii chirurgicale de cinci ore, urmat\u0103 de o alt\u0103 opera\u021bie de dou\u0103 ore, dou\u0103 zile mai t\u00e2rziu.&nbsp;<\/span><\/p>\n<p id=\"p-3\">Cintula<span dir=\"auto\">&nbsp;a fost condamnat pe 21 octombrie<\/span><span dir=\"auto\"> \u0219i a f\u0103cut apel, \u00eens\u0103 h<\/span><span dir=\"auto\">ot\u0103r\u00e2rea Cur\u021bii Supreme de miercuri este definitiv\u0103.<\/span><\/p>\n<p id=\"p-4\">&nbsp;<\/p>\n","protected":false},"excerpt":{"rendered":"<p>Curtea Suprem\u0103 a Slovaciei a decis, miercuri, s\u0103 men\u021bin\u0103 decizia unei instan\u021be inferioare, care a condamnat un b\u0103rbat la 21 de ani de \u00eenchisoare pentru un atac terorist \u0219i pentru &hellip; <a href=\"https:\/\/microscopemedia.com\/?p=689923\" class=\"more-link\">Read More<\/a><\/p>\n","protected":false},"author":1,"featured_media":689924,"comment_status":"closed","ping_status":"closed","sticky":false,"template":"Default","format":"standard","meta":[],"categories":[1],"tags":[],"_links":{"self":[{"href":"https:\/\/microscopemedia.com\/index.php?rest_route=\/wp\/v2\/posts\/689923"}],"collection":[{"href":"https:\/\/microscopemedia.com\/index.php?rest_route=\/wp\/v2\/posts"}],"about":[{"href":"https:\/\/microscopemedia.com\/index.php?rest_route=\/wp\/v2\/types\/post"}],"author":[{"embeddable":true,"href":"https:\/\/microscopemedia.com\/index.php?rest_route=\/wp\/v2\/users\/1"}],"replies":[{"embeddable":true,"href":"https:\/\/microscopemedia.com\/index.php?rest_route=%2Fwp%2Fv2%2Fcomments&post=689923"}],"version-history":[{"count":0,"href":"https:\/\/microscopemedia.com\/index.php?rest_route=\/wp\/v2\/posts\/689923\/revisions"}],"wp:featuredmedia":[{"embeddable":true,"href":"https:\/\/microscopemedia.com\/index.php?rest_route=\/wp\/v2\/media\/689924"}],"wp:attachment":[{"href":"https:\/\/microscopemedia.com\/index.php?rest_route=%2Fwp%2Fv2%2Fmedia&parent=689923"}],"wp:term":[{"taxonomy":"category","embeddable":true,"href":"https:\/\/microscopemedia.com\/index.php?rest_route=%2Fwp%2Fv2%2Fcategories&post=689923"},{"taxonomy":"post_tag","embeddable":true,"href":"https:\/\/microscopemedia.com\/index.php?rest_route=%2Fwp%2Fv2%2Ftags&post=689923"}],"curies":[{"name":"wp","href":"https:\/\/api.w.org\/{rel}","templated":true}]}}