{"id":689933,"date":"2026-04-29T13:37:04","date_gmt":"2026-04-29T13:37:04","guid":{"rendered":"https:\/\/microscopemedia.com\/?p=689933"},"modified":"2026-04-29T13:37:04","modified_gmt":"2026-04-29T13:37:04","slug":"simion-despre-calin-georgescu-in-functia-de-premier-daca-psd-ul-va-renunta-la-a-sustine-o-himera-numita-coalitie-pro-europeana-orice-este-posibil","status":"publish","type":"post","link":"https:\/\/microscopemedia.com\/?p=689933","title":{"rendered":"Simion, despre C\u0103lin Georgescu \u00een func\u021bia de premier: Dac\u0103 PSD-ul va renun\u021ba la a sus\u021bine o himer\u0103 numit\u0103 coali\u021bie pro-european\u0103, orice este posibil"},"content":{"rendered":"<div><img decoding=\"async\" src=\"https:\/\/microscopemedia.com\/wp-content\/uploads\/2026\/04\/simion-despre-calin-georgescu-in-functia-de-premier-daca-psd-ul-va-renunta-la-a-sustine-o-himera-numita-coalitie-pro-europeana-orice-este-posibil.jpg\" class=\"ff-og-image-inserted\"><\/div>\n<p id=\"p-0\"><span>\u201eNoi sus\u021binem rezultatul alegerilor preziden\u021biale din 2024. Suntem printre pu\u021binii care nu s-au clintit\u201d, spune Simion.&nbsp;<\/span><\/p>\n<p id=\"p-1\"><span>Pre\u0219edintele AUR a mai declarat c\u0103&nbsp; sus\u021bine numirea lui C\u0103lin Georgescu \u00eentr-o func\u021bie a statului rom\u00e2n, \u0219i c\u0103 solicit\u0103 oprirea ac\u021biunilor juridice \u00eempotriva sa.&nbsp;<\/span><\/p>\n<p id=\"p-2\"><span>\u201eAm sus\u021binut o variant\u0103 inclusiv \u00een Parlament, care ar duce la posibilitatea ca domnul Georgescu s\u0103 nu mai fie h\u0103ituit prin aceste procese care par politice \u0219i s\u0103 fie \u00een func\u021bii de conducere cum o parte din rom\u00e2ni \u00ee\u0219i doresc\u201d, a afirmat Simion, \u00een cadrul emisiunii \u201e<span><a href=\"https:\/\/www.youtube.com\/watch?v=1zRey_oiVTI\">Ai Aflat! cu Ionu\u021b Cristache<\/a><\/span>\u201d, g\u0103zduite de G\u00e2ndul.&nbsp;<\/span><\/p>\n<p id=\"p-3\"><span>\u00centrebat cum ar putea ajunge C\u0103lin Georgescu \u00eentr-o func\u021bie, \u0219i dac\u0103 ar putea s\u0103 fie \u0219eful unui eventual Guvern, liderul AUR a spus: \u201eModalit\u0103\u021bile sunt diferite \u00een func\u021bie de cum va evolua aceast\u0103 criz\u0103 politic\u0103, aceast\u0103 criz\u0103 social\u0103, aceast\u0103 criz\u0103 economic\u0103, care nu a fost creat\u0103 de mine. Dac\u0103 exist\u0103 o majoritate \u00een Parlament \u0219i \u00een mod normal ar trebui s\u0103 fie compus\u0103 aceast\u0103 majoritate din partidele de pe locurile 1 \u0219i 2, dac\u0103 PSD-ul va renun\u021ba la a sus\u021bine o himer\u0103 numit\u0103 coali\u021bie pro-european\u0103, orice este posibil\u201d.&nbsp;<\/span><\/p>\n<p id=\"p-4\"><span>De asemenea, Simion a lansat critic la adresa \u00eent\u00e2rzierilor dosarului alegerilor anulate din 2024, promis de pre\u0219edintele Nicu\u0219or Dan.&nbsp;<\/span><\/p>\n<p id=\"p-5\"><span>\u201eNicu\u0219or Dan a promis c\u0103 vine cu un raport despre ambele alegerilor, iulie-august 2025, n-a venit nici acum, cunoa\u0219tem to\u021bii c\u0103 asist\u0103m la o \u0219arad\u0103, va veni la un moment dat. Este un om acuzat pe criterii politice. Nu credeam \u00een 2026 c\u0103 vom mai avea procese politice \u00eentr-o \u021bar\u0103 care pretinde c\u0103 este democratic\u0103\u201d, spune pre\u0219edintele AUR.&nbsp;<\/span><\/p>\n<h2 id=\"chapter-0\">Emisiunea integral\u0103 poate fi urm\u0103rit\u0103 aici:<\/p>\n<p><iframe title=\"YouTube video player\" src=\"https:\/\/www.youtube.com\/embed\/1zRey_oiVTI?si=1XgL7-G5f44Bu9om\" width=\"560\" height=\"315\" frameborder=\"0\" allowfullscreen=\"allowfullscreen\" rel=\"lazyframe\" loading=\"lazy\">[embedded content]<\/iframe><\/p>\n<\/h2>\n","protected":false},"excerpt":{"rendered":"<p>\u201eNoi sus\u021binem rezultatul alegerilor preziden\u021biale din 2024. Suntem printre pu\u021binii care nu s-au clintit\u201d, spune Simion.&nbsp; Pre\u0219edintele AUR a mai declarat c\u0103&nbsp; sus\u021bine numirea lui C\u0103lin Georgescu \u00eentr-o func\u021bie a &hellip; <a href=\"https:\/\/microscopemedia.com\/?p=689933\" class=\"more-link\">Read More<\/a><\/p>\n","protected":false},"author":1,"featured_media":689934,"comment_status":"closed","ping_status":"closed","sticky":false,"template":"Default","format":"standard","meta":[],"categories":[1],"tags":[],"_links":{"self":[{"href":"https:\/\/microscopemedia.com\/index.php?rest_route=\/wp\/v2\/posts\/689933"}],"collection":[{"href":"https:\/\/microscopemedia.com\/index.php?rest_route=\/wp\/v2\/posts"}],"about":[{"href":"https:\/\/microscopemedia.com\/index.php?rest_route=\/wp\/v2\/types\/post"}],"author":[{"embeddable":true,"href":"https:\/\/microscopemedia.com\/index.php?rest_route=\/wp\/v2\/users\/1"}],"replies":[{"embeddable":true,"href":"https:\/\/microscopemedia.com\/index.php?rest_route=%2Fwp%2Fv2%2Fcomments&post=689933"}],"version-history":[{"count":0,"href":"https:\/\/microscopemedia.com\/index.php?rest_route=\/wp\/v2\/posts\/689933\/revisions"}],"wp:featuredmedia":[{"embeddable":true,"href":"https:\/\/microscopemedia.com\/index.php?rest_route=\/wp\/v2\/media\/689934"}],"wp:attachment":[{"href":"https:\/\/microscopemedia.com\/index.php?rest_route=%2Fwp%2Fv2%2Fmedia&parent=689933"}],"wp:term":[{"taxonomy":"category","embeddable":true,"href":"https:\/\/microscopemedia.com\/index.php?rest_route=%2Fwp%2Fv2%2Fcategories&post=689933"},{"taxonomy":"post_tag","embeddable":true,"href":"https:\/\/microscopemedia.com\/index.php?rest_route=%2Fwp%2Fv2%2Ftags&post=689933"}],"curies":[{"name":"wp","href":"https:\/\/api.w.org\/{rel}","templated":true}]}}