{"id":689939,"date":"2026-04-29T14:16:04","date_gmt":"2026-04-29T14:16:04","guid":{"rendered":"https:\/\/microscopemedia.com\/?p=689939"},"modified":"2026-04-29T14:16:04","modified_gmt":"2026-04-29T14:16:04","slug":"buzoianu-aur-e-acum-la-putere-aur-a-ajuns-sa-conduca-tara-cu-pixul-psd","status":"publish","type":"post","link":"https:\/\/microscopemedia.com\/?p=689939","title":{"rendered":"Buzoianu: AUR e acum la putere; AUR a ajuns s\u0103 conduc\u0103 \u021bara cu pixul PSD"},"content":{"rendered":"<div><img decoding=\"async\" src=\"https:\/\/microscopemedia.com\/wp-content\/uploads\/2026\/04\/buzoianu-aur-e-acum-la-putere-aur-a-ajuns-sa-conduca-tara-cu-pixul-psd.jpg\" class=\"ff-og-image-inserted\"><\/div>\n<p id=\"p-0\">\u00centrebat\u0103, la Adev\u0103rul Live, ce va face USR dac\u0103 Nicu\u0219or Dan va propune un premier tehnocrat pentru a nu ajunge AUR la putere, Diana Buzoianu a spus c\u0103 \u201eAUR a fost adus la putere. Nu e vorba de dac\u0103 nu se va aduce AUR la putere. AUR acum e la putere. AUR acum, \u00eempreun\u0103 cu PSD, arunc\u0103 \u021bara \u00een aer. Nu e adus simbolic. Au blocat guvernul Rom\u00e2niei. Mai mult de at\u00e2ta nu \u0219tiu cine poate s\u0103 dea putere mai mare partidelor extremiste\u201d.<\/p>\n<p id=\"p-1\">Diana Buzoianu a mai spus c\u0103 din faptul c\u0103 \u00een fiecare s\u0103pt\u0103m\u00e2n\u0103 exist\u0103 proiecte care sunt trecute cu majoritatea PSD-AUR \u00een Parlament, asta \u00eenseamn\u0103 c\u0103, de\u0219i nu sunt la guvernare ca s\u0103 deconeze m\u0103surile dure care trebuie s\u0103 fie luate, \u201eAUR are puterea dat\u0103 de PSD \u0219i legitimitatea dat\u0103 de PSD s\u0103-\u0219i treac\u0103 absolut toate proiectele pe care le vor \u00een Parlament, toate m\u0103surile pe care le vor \u00een Parlament, s\u0103 lice guvernele, dac\u0103 vor, \u00een Executiv\u201d.<\/p>\n<p id=\"p-2\">\u201eDeci ast\u0103zi, \u00een momentul \u00een care vorbim, conducerea PSD, dac\u0103 va merge \u00eenainte \u0219i va vota mo\u021biunea de cenzur\u0103 \u00eempreun\u0103 cu AUR, noi nu mai vorbim ca s\u0103 nu fie AUR la guvernare. AUR implicit a ajuns s\u0103 conduc\u0103 \u021bara cu pixul PSD-ului\u201d, a mai spus ministrul Mediului.<\/p>\n","protected":false},"excerpt":{"rendered":"<p>\u00centrebat\u0103, la Adev\u0103rul Live, ce va face USR dac\u0103 Nicu\u0219or Dan va propune un premier tehnocrat pentru a nu ajunge AUR la putere, Diana Buzoianu a spus c\u0103 \u201eAUR a &hellip; <a href=\"https:\/\/microscopemedia.com\/?p=689939\" class=\"more-link\">Read More<\/a><\/p>\n","protected":false},"author":1,"featured_media":689940,"comment_status":"closed","ping_status":"closed","sticky":false,"template":"Default","format":"standard","meta":[],"categories":[1],"tags":[],"_links":{"self":[{"href":"https:\/\/microscopemedia.com\/index.php?rest_route=\/wp\/v2\/posts\/689939"}],"collection":[{"href":"https:\/\/microscopemedia.com\/index.php?rest_route=\/wp\/v2\/posts"}],"about":[{"href":"https:\/\/microscopemedia.com\/index.php?rest_route=\/wp\/v2\/types\/post"}],"author":[{"embeddable":true,"href":"https:\/\/microscopemedia.com\/index.php?rest_route=\/wp\/v2\/users\/1"}],"replies":[{"embeddable":true,"href":"https:\/\/microscopemedia.com\/index.php?rest_route=%2Fwp%2Fv2%2Fcomments&post=689939"}],"version-history":[{"count":0,"href":"https:\/\/microscopemedia.com\/index.php?rest_route=\/wp\/v2\/posts\/689939\/revisions"}],"wp:featuredmedia":[{"embeddable":true,"href":"https:\/\/microscopemedia.com\/index.php?rest_route=\/wp\/v2\/media\/689940"}],"wp:attachment":[{"href":"https:\/\/microscopemedia.com\/index.php?rest_route=%2Fwp%2Fv2%2Fmedia&parent=689939"}],"wp:term":[{"taxonomy":"category","embeddable":true,"href":"https:\/\/microscopemedia.com\/index.php?rest_route=%2Fwp%2Fv2%2Fcategories&post=689939"},{"taxonomy":"post_tag","embeddable":true,"href":"https:\/\/microscopemedia.com\/index.php?rest_route=%2Fwp%2Fv2%2Ftags&post=689939"}],"curies":[{"name":"wp","href":"https:\/\/api.w.org\/{rel}","templated":true}]}}