{"id":689943,"date":"2026-04-29T14:46:04","date_gmt":"2026-04-29T14:46:04","guid":{"rendered":"https:\/\/microscopemedia.com\/?p=689943"},"modified":"2026-04-29T14:46:04","modified_gmt":"2026-04-29T14:46:04","slug":"doina-melinte-desemnata-membra-de-onoare-a-adunarii-generale-a-comitetului-olimpic-si-sportiv-roman","status":"publish","type":"post","link":"https:\/\/microscopemedia.com\/?p=689943","title":{"rendered":"Doina Melinte, desemnat\u0103 membr\u0103 de onoare a Adun\u0103rii Generale a Comitetului Olimpic \u0219i Sportiv Rom\u00e2n"},"content":{"rendered":"<div><img decoding=\"async\" src=\"https:\/\/microscopemedia.com\/wp-content\/uploads\/2026\/04\/doina-melinte-desemnata-membra-de-onoare-a-adunarii-generale-a-comitetului-olimpic-si-sportiv-roman.jpg\" class=\"ff-og-image-inserted\"><\/div>\n<p id=\"p-0\">Potrivit reprezentan\u021bilor COSR, distinc\u021bia a fost acordat\u0103 \u00een contextul \u00een care legenda atletismului rom\u00e2nesc urmeaz\u0103 s\u0103 \u00eemplineasc\u0103 70 de ani pe 27 decembrie. Iar la v\u00e2rsta respectiv\u0103, conform statutului forului olimpic, \u00ee\u0219i \u00eencheie mandatul de membru al Adun\u0103rii Generale.<\/p>\n<p id=\"p-1\">Doina Melinte a primit vestea cu emo\u021bie, iar pre\u0219edintele COSR, Mihai Covaliu, \u0219i secretarul general George Boroi i-au oferit un buchet de flori, \u00een aplauzele celor prezen\u021bi.<\/p>\n<p id=\"p-2\">\u201eSunt emo\u021bionat\u0103 \u0219i bucuroas\u0103\u201d, a declarat Doina Melinte.<\/p>\n<p id=\"p-3\">Fosta campioan\u0103 olimpic\u0103 a rememorat principalele repere ale carierei sale sportive, amintind cele dou\u0103 medalii cucerite la Jocurile Olimpice Los Angeles 1984: aur la 800 metri \u0219i argint la 1.500 metri.<\/p>\n<p id=\"p-4\">Ea mai are \u00een palmares \u0219i dou\u0103 titluri mondiale indoor, ob\u021binute la Indianapolis 1987 \u0219i la Budapesta 1989, precum \u0219i alte \u0219apte medalii de aur la campionatele europene.<\/p>\n<h2 id=\"chapter-0\">Patru recorduri mondiale \u00een carier\u0103<\/h2>\n<p id=\"p-5\">\u201eA\u0219 putea s\u0103 spun c\u0103 \u00een cariera mea sportiv\u0103 am contribuit la dezvoltarea atletismului, dar \u0219i la dezvoltarea sportului \u00een Rom\u00e2nia. (\u2026) Am f\u0103cut patru recorduri mondiale \u00een cariera mea sportiv\u0103, care au rezistat 26 \u0219i 27 de ani\u201d, a spus fosta atlet\u0103.<\/p>\n<p id=\"p-6\">Doina Melinte a vorbit \u0219i despre activitatea administrativ\u0103 de dup\u0103 retragere, amintind experien\u021ba avut\u0103 timp de 16 ani la conducerea Direc\u021biei Jude\u021bene pentru Sport \u0219i Tineret Bac\u0103u. De asemenea, a fost pre\u0219edinta Agen\u021biei Na\u021bionale pentru Sport \u00eentre 2009 \u0219i 2012 \u0219i ulterior a activat timp de zece ani \u00een cadrul Agen\u021biei Na\u021bionale Antidoping.<\/p>\n<p id=\"p-7\">\u00cen mesajul adresat tinerilor sportivi, fosta campioan\u0103 a subliniat importan\u021ba disciplinei \u0219i a sacrificiilor necesare performan\u021bei.<\/p>\n<p id=\"p-8\">\u201eSocietatea a evoluat din toate puncte de vedere, iar unui sportiv de performan\u021b\u0103 din zilele noastre \u00eei urez s\u0103-\u0219i formeze idealuri \u0219i obiective pentru medalii la campionatele europene, mondiale \u0219i jocurile olimpice. Nu se pot compara condi\u021biile pe care le-am avut noi \u0219i condi\u021biile pe care le au sportivii \u00een ziua de ast\u0103zi. De asemenea, nu se poate compara resursele financiare de atunci, cu cele de acum. Punctul comun este \u00eens\u0103 c\u0103 pentru a avea succes trebuie s\u0103 duci o via\u021b\u0103 sportiv\u0103 din toate punctele de vedere \u0219i s\u0103 faci sacrificii dac\u0103 vrei s\u0103 ajungi undeva sus\u201d, a afirmat Doina Melinte.<\/p>\n<p id=\"p-9\">La Adunarea General\u0103 Ordinar\u0103 a Comitetul Olimpic \u0219i Sportiv Rom\u00e2n de miercuri au participat 89 de membri. Au fost prezentate rapoartele de activitate \u0219i financiare pentru 2025, planul anual de activitate pentru 2026 \u0219i bugetul de venituri \u0219i cheltuieli pentru anul viitor.<\/p>\n","protected":false},"excerpt":{"rendered":"<p>Potrivit reprezentan\u021bilor COSR, distinc\u021bia a fost acordat\u0103 \u00een contextul \u00een care legenda atletismului rom\u00e2nesc urmeaz\u0103 s\u0103 \u00eemplineasc\u0103 70 de ani pe 27 decembrie. Iar la v\u00e2rsta respectiv\u0103, conform statutului forului &hellip; <a href=\"https:\/\/microscopemedia.com\/?p=689943\" class=\"more-link\">Read More<\/a><\/p>\n","protected":false},"author":1,"featured_media":689944,"comment_status":"closed","ping_status":"closed","sticky":false,"template":"Default","format":"standard","meta":[],"categories":[1],"tags":[],"_links":{"self":[{"href":"https:\/\/microscopemedia.com\/index.php?rest_route=\/wp\/v2\/posts\/689943"}],"collection":[{"href":"https:\/\/microscopemedia.com\/index.php?rest_route=\/wp\/v2\/posts"}],"about":[{"href":"https:\/\/microscopemedia.com\/index.php?rest_route=\/wp\/v2\/types\/post"}],"author":[{"embeddable":true,"href":"https:\/\/microscopemedia.com\/index.php?rest_route=\/wp\/v2\/users\/1"}],"replies":[{"embeddable":true,"href":"https:\/\/microscopemedia.com\/index.php?rest_route=%2Fwp%2Fv2%2Fcomments&post=689943"}],"version-history":[{"count":0,"href":"https:\/\/microscopemedia.com\/index.php?rest_route=\/wp\/v2\/posts\/689943\/revisions"}],"wp:featuredmedia":[{"embeddable":true,"href":"https:\/\/microscopemedia.com\/index.php?rest_route=\/wp\/v2\/media\/689944"}],"wp:attachment":[{"href":"https:\/\/microscopemedia.com\/index.php?rest_route=%2Fwp%2Fv2%2Fmedia&parent=689943"}],"wp:term":[{"taxonomy":"category","embeddable":true,"href":"https:\/\/microscopemedia.com\/index.php?rest_route=%2Fwp%2Fv2%2Fcategories&post=689943"},{"taxonomy":"post_tag","embeddable":true,"href":"https:\/\/microscopemedia.com\/index.php?rest_route=%2Fwp%2Fv2%2Ftags&post=689943"}],"curies":[{"name":"wp","href":"https:\/\/api.w.org\/{rel}","templated":true}]}}