{"id":689945,"date":"2026-04-29T15:06:03","date_gmt":"2026-04-29T15:06:03","guid":{"rendered":"https:\/\/microscopemedia.com\/?p=689945"},"modified":"2026-04-29T15:06:03","modified_gmt":"2026-04-29T15:06:03","slug":"limbaj-codat-pentru-doza-de-canabis-vanduta-catre-copii-in-bucuresti-si-ilfov","status":"publish","type":"post","link":"https:\/\/microscopemedia.com\/?p=689945","title":{"rendered":"Limbaj codat pentru doza de canabis v\u00e2ndut\u0103 c\u0103tre copii \u00een Bucure\u0219ti \u0219i Ilfov"},"content":{"rendered":"<p id=\"p-0\">Procurorii Direc\u021biei de Investigare a Infrac\u021biunilor de Criminalitate Organizat\u0103 \u0219i Terorism (DIICOT) au dispus re\u021binerea a doi b\u0103rba\u021bi (unul dintre ace\u0219tia fiind recidivist) \u0219i a unei femei, cu v\u00e2rstele de 22, 25 \u0219i 28 de ani, cerceta\u021bi pentru s\u0103v\u00e2r\u0219irea infrac\u021biunilor de trafic de droguri de risc \u0219i complicitate la trafic de droguri de risc.<\/p>\n<div class=\"single__inline-gallery color-white mg-bottom-20 bg-black padding-5 md:rounded-10\">\n<div class=\"md:rounded-5 display-grid xs:grid-cols-2 grid-cols-3 gap-5\">\n<div class=\"single__inline-gallery-image relative column-span-2 row-span-2\">\n                <a href=\"https:\/\/www.mediafax.ro\/poze\/limbaj-codat-pentru-doza-de-canabis-vanduta-catre-copii-in-bucuresti-si-ilfov-23728602\"><br \/>\n                    <img decoding=\"async\" loading=\"lazy\" src=\"https:\/\/microscopemedia.com\/wp-content\/uploads\/2026\/04\/limbaj-codat-pentru-doza-de-canabis-vanduta-catre-copii-in-bucuresti-si-ilfov.jpg\" width=\"700\" height=\"450\"><br \/>\n                <\/a>\n                            <\/div>\n<div class=\"single__inline-gallery-image relative \">\n                <a href=\"https:\/\/www.mediafax.ro\/poze\/limbaj-codat-pentru-doza-de-canabis-vanduta-catre-copii-in-bucuresti-si-ilfov-23728602\"><br \/>\n                    <img decoding=\"async\" loading=\"lazy\" src=\"https:\/\/microscopemedia.com\/wp-content\/uploads\/2026\/04\/limbaj-codat-pentru-doza-de-canabis-vanduta-catre-copii-in-bucuresti-si-ilfov-1.jpg\" width=\"700\" height=\"450\"><br \/>\n                <\/a>\n                            <\/div>\n<\/p><\/div>\n<\/p><\/div>\n<p id=\"p-1\">Din probe a rezultat c\u0103, \u00een perioada noiembrie 2025 \u2013 aprilie 2026, cei trei tineri au procurat, de\u021binut \u0219i v\u00e2ndut canabis, c\u0103tre consumatori, inclusiv copii, cu sume cuprinse \u00eentre 20 \u0219i 50 de lei, \u00een func\u021bie de \u201edoza\u201d comercializat\u0103, care varia \u00eentre 0,25 grame \u0219i un gram.<\/p>\n<p id=\"p-2\">\u201ePentru a-\u0219i securiza activitatea infrac\u021bional\u0103, inculpatul, \u00een v\u00e2rst\u0103 de 25 de ani, a utilizat un limbaj codat, iar sumele reprezent\u00e2nd contravaloarea drogurile v\u00e2ndute le-a \u00eencasat \u00een conturilor bancare puse la dispozi\u021bie de c\u0103tre inculpat\u0103. De asemenea, aceasta l-a \u0219i \u00eenso\u021bit \u00een activit\u0103\u021bile de aprovizionare cu droguri destinate v\u00e2nz\u0103rii ulterioare\u201d, spun procurorii DIICOT.<\/p>\n<p id=\"p-3\">\u00cen urma perchezi\u021biilor efectuate \u00een Bucure\u0219ti \u0219i localit\u0103\u021bilor Petr\u0103chioaia \u0219i Dobroie\u0219ti, jude\u021bul Ilfov, au fost g\u0103site \u0219i ridicate diferite cantit\u0103\u021bi de substan\u021be vegetale \u0219i pulverulente (aflate \u00een curs de expertizare), 10 c\u00e2ntare electronice de mare precizie, mai multe grindere, diferite obiecte \u0219i recipiente cu urme de substan\u021b\u0103, sumele de aproximativ 36.000 lei \u0219i 400 euro, precum \u0219i alte mijloace de prob\u0103.<\/p>\n<p id=\"p-4\">A fost sesizat, miercuri, judec\u0103torul de drepturi \u0219i libert\u0103\u021bi din cadrul Tribunalului Bucure\u0219ti cu propunerea de arestare preventiv\u0103 a inculpa\u021bilor, pentru o perioad\u0103 de 30 de zile.<\/p>\n<p id=\"p-5\">&nbsp;<\/p>\n","protected":false},"excerpt":{"rendered":"<p>Procurorii Direc\u021biei de Investigare a Infrac\u021biunilor de Criminalitate Organizat\u0103 \u0219i Terorism (DIICOT) au dispus re\u021binerea a doi b\u0103rba\u021bi (unul dintre ace\u0219tia fiind recidivist) \u0219i a unei femei, cu v\u00e2rstele de &hellip; <a href=\"https:\/\/microscopemedia.com\/?p=689945\" class=\"more-link\">Read More<\/a><\/p>\n","protected":false},"author":1,"featured_media":689946,"comment_status":"closed","ping_status":"closed","sticky":false,"template":"Default","format":"standard","meta":[],"categories":[1],"tags":[],"_links":{"self":[{"href":"https:\/\/microscopemedia.com\/index.php?rest_route=\/wp\/v2\/posts\/689945"}],"collection":[{"href":"https:\/\/microscopemedia.com\/index.php?rest_route=\/wp\/v2\/posts"}],"about":[{"href":"https:\/\/microscopemedia.com\/index.php?rest_route=\/wp\/v2\/types\/post"}],"author":[{"embeddable":true,"href":"https:\/\/microscopemedia.com\/index.php?rest_route=\/wp\/v2\/users\/1"}],"replies":[{"embeddable":true,"href":"https:\/\/microscopemedia.com\/index.php?rest_route=%2Fwp%2Fv2%2Fcomments&post=689945"}],"version-history":[{"count":0,"href":"https:\/\/microscopemedia.com\/index.php?rest_route=\/wp\/v2\/posts\/689945\/revisions"}],"wp:featuredmedia":[{"embeddable":true,"href":"https:\/\/microscopemedia.com\/index.php?rest_route=\/wp\/v2\/media\/689946"}],"wp:attachment":[{"href":"https:\/\/microscopemedia.com\/index.php?rest_route=%2Fwp%2Fv2%2Fmedia&parent=689945"}],"wp:term":[{"taxonomy":"category","embeddable":true,"href":"https:\/\/microscopemedia.com\/index.php?rest_route=%2Fwp%2Fv2%2Fcategories&post=689945"},{"taxonomy":"post_tag","embeddable":true,"href":"https:\/\/microscopemedia.com\/index.php?rest_route=%2Fwp%2Fv2%2Ftags&post=689945"}],"curies":[{"name":"wp","href":"https:\/\/api.w.org\/{rel}","templated":true}]}}