{"id":689951,"date":"2026-04-29T15:46:04","date_gmt":"2026-04-29T15:46:04","guid":{"rendered":"https:\/\/microscopemedia.com\/?p=689951"},"modified":"2026-04-29T15:46:04","modified_gmt":"2026-04-29T15:46:04","slug":"harti-vechi-ale-romaniei-si-transilvaniei-cu-alba-iulia-in-prim-plan-intr-o-biblioteca-din-franta","status":"publish","type":"post","link":"https:\/\/microscopemedia.com\/?p=689951","title":{"rendered":"H\u0103r\u021bi vechi ale Rom\u00e2niei \u0219i Transilvaniei, cu Alba-Iulia \u00een prim-plan, \u00eentr-o bibliotec\u0103 din Fran\u021ba"},"content":{"rendered":"<div><img decoding=\"async\" src=\"https:\/\/microscopemedia.com\/wp-content\/uploads\/2026\/04\/harti-vechi-ale-romaniei-si-transilvaniei-cu-alba-iulia-in-prim-plan-intr-o-biblioteca-din-franta.jpg\" class=\"ff-og-image-inserted\"><\/div>\n<p id=\"p-0\">Victor Negrescu \u00eemp\u0103rt\u0103\u0219e\u0219te descoperirea istoric\u0103 din biblioteca Adun\u0103rii Na\u021bionale a Republicii Franceze pe pagina sa de Facebook.<\/p>\n<p id=\"p-1\">El a reg\u0103sit \u201eo parte din istoria noastr\u0103: h\u0103r\u021bi vechi ale Rom\u00e2niei \u0219i Transilvaniei, cu Alba Iulia \u00een prim-plan, \u0219i o scrisoare semnat\u0103 de Tache Ionescu. Un memento clar c\u0103 destinul Rom\u00e2niei a fost puternic legat de Fran\u021ba \u0219i de Europa indiferent de perioad\u0103 sau conjuctur\u0103 politic\u0103\u201d.<\/p>\n<p id=\"p-2\">\u201ePentru mine a fost \u0219i un moment cu relevan\u021b\u0103 personal\u0103. Am studiat \u0219i activat politic \u00een Fran\u021ba, iar revenirea la Paris, ca parte a delega\u021biei compuse din reprezentan\u021bi din partea mai multor grupuri politice, conduse de pre\u0219edintele Camerei Deputa\u021bilor, Sorin Grindeanu, c\u0103ruia \u00eei mul\u021bumesc pentru invita\u021bie, are o semnifica\u021bie aparte. Discu\u021biile cu pre\u0219edinta Adun\u0103rii Na\u021bionale, doamna Ya\u00ebl Braun-Pivet \u0219i colegii parlamentari, au fost despre o Rom\u00e2nie ferm ancorat\u0103 \u00een proiectul pro-european, care construie\u0219te parteneriate solide cu toate statele membre \u0219i cu Fran\u021ba \u00een mod special\u201d, spune Negrescu.<\/p>\n<p id=\"p-3\">Potrivit europarlamentarului, s-a pus accent pe intensificarea cooper\u0103rii economice, pe colaborarea privind Mercosur \u0219i bugetul european dar \u0219i pe consolidarea dimensiunii de ap\u0103rare.<\/p>\n<p id=\"p-4\">Prezen\u021ba militar\u0103 francez\u0103 \u00een Rom\u00e2nia demonstreaz\u0103, de altfel, angajamentul s\u0103u \u00een regiune \u0219i subliniaz\u0103 importan\u021ba coordon\u0103rii pe dosare importante de interes pentru ambele p\u0103r\u021bi, mai spune Negrescu.<\/p>\n","protected":false},"excerpt":{"rendered":"<p>Victor Negrescu \u00eemp\u0103rt\u0103\u0219e\u0219te descoperirea istoric\u0103 din biblioteca Adun\u0103rii Na\u021bionale a Republicii Franceze pe pagina sa de Facebook. El a reg\u0103sit \u201eo parte din istoria noastr\u0103: h\u0103r\u021bi vechi ale Rom\u00e2niei \u0219i &hellip; <a href=\"https:\/\/microscopemedia.com\/?p=689951\" class=\"more-link\">Read More<\/a><\/p>\n","protected":false},"author":1,"featured_media":689952,"comment_status":"closed","ping_status":"closed","sticky":false,"template":"Default","format":"standard","meta":[],"categories":[1],"tags":[],"_links":{"self":[{"href":"https:\/\/microscopemedia.com\/index.php?rest_route=\/wp\/v2\/posts\/689951"}],"collection":[{"href":"https:\/\/microscopemedia.com\/index.php?rest_route=\/wp\/v2\/posts"}],"about":[{"href":"https:\/\/microscopemedia.com\/index.php?rest_route=\/wp\/v2\/types\/post"}],"author":[{"embeddable":true,"href":"https:\/\/microscopemedia.com\/index.php?rest_route=\/wp\/v2\/users\/1"}],"replies":[{"embeddable":true,"href":"https:\/\/microscopemedia.com\/index.php?rest_route=%2Fwp%2Fv2%2Fcomments&post=689951"}],"version-history":[{"count":0,"href":"https:\/\/microscopemedia.com\/index.php?rest_route=\/wp\/v2\/posts\/689951\/revisions"}],"wp:featuredmedia":[{"embeddable":true,"href":"https:\/\/microscopemedia.com\/index.php?rest_route=\/wp\/v2\/media\/689952"}],"wp:attachment":[{"href":"https:\/\/microscopemedia.com\/index.php?rest_route=%2Fwp%2Fv2%2Fmedia&parent=689951"}],"wp:term":[{"taxonomy":"category","embeddable":true,"href":"https:\/\/microscopemedia.com\/index.php?rest_route=%2Fwp%2Fv2%2Fcategories&post=689951"},{"taxonomy":"post_tag","embeddable":true,"href":"https:\/\/microscopemedia.com\/index.php?rest_route=%2Fwp%2Fv2%2Ftags&post=689951"}],"curies":[{"name":"wp","href":"https:\/\/api.w.org\/{rel}","templated":true}]}}