{"id":689967,"date":"2026-04-29T17:36:03","date_gmt":"2026-04-29T17:36:03","guid":{"rendered":"https:\/\/microscopemedia.com\/?p=689967"},"modified":"2026-04-29T17:36:03","modified_gmt":"2026-04-29T17:36:03","slug":"de-ce-n-a-mers-bolojan-la-citirea-motiunii-de-cenzura","status":"publish","type":"post","link":"https:\/\/microscopemedia.com\/?p=689967","title":{"rendered":"De ce n-a mers Bolojan la citirea mo\u021biunii de cenzur\u0103?"},"content":{"rendered":"<div><img decoding=\"async\" src=\"https:\/\/microscopemedia.com\/wp-content\/uploads\/2026\/04\/de-ce-n-a-mers-bolojan-la-citirea-motiunii-de-cenzura.png\" class=\"ff-og-image-inserted\"><\/div>\n<p id=\"p-0\">Premierul Ilie Bolojan nu a fost prezent la citirea mo\u021biunii de cenzur\u0103 \u00een Parlament. Purt\u0103torul de cuv\u00e2nt Ioana Dogioiu a explicat absen\u021ba succint: programul premierului a fost altul.<\/p>\n<p class=\"font-claude-response-body break-words whitespace-normal leading-[1.7]\" id=\"p-1\">\u00centrebat\u0103 de ce a ales premierul s\u0103 nu mearg\u0103 la citirea mo\u021biunii, Ioana Dogioiu a r\u0103spuns c\u0103 prezen\u021ba nu este obligatorie.<\/p>\n<p class=\"font-claude-response-body break-words whitespace-normal leading-[1.7]\" id=\"p-2\">\u201eGuvernul Rom\u00e2niei a fost reprezentat de domnul S\u0103punaru. Nu v\u0103d absolut niciun fel de problem\u0103\u201d, a spus purt\u0103torul de cuv\u00e2nt. A precizat c\u0103 Bolojan va fi prezent la dezbaterea mo\u021biunii.<\/p>\n<h2 class=\"text-text-100 mt-3 -mb-1 text-[1.125rem] font-bold\" id=\"chapter-0\">Agenda premierului, secret\u0103<\/h2>\n<p class=\"font-claude-response-body break-words whitespace-normal leading-[1.7]\" id=\"p-3\">\u00centrebat\u0103 ce alte \u00eent\u00e2lniri a avut premierul \u00een cursul zilei, Dogioiu a refuzat s\u0103 ofere detalii.<\/p>\n<p class=\"font-claude-response-body break-words whitespace-normal leading-[1.7]\" id=\"p-4\">\u201eNu v\u0103 pot spune. Bun\u0103 seara!\u201d, a fost r\u0103spunsul final.<\/p>\n","protected":false},"excerpt":{"rendered":"<p>Premierul Ilie Bolojan nu a fost prezent la citirea mo\u021biunii de cenzur\u0103 \u00een Parlament. Purt\u0103torul de cuv\u00e2nt Ioana Dogioiu a explicat absen\u021ba succint: programul premierului a fost altul. \u00centrebat\u0103 de &hellip; <a href=\"https:\/\/microscopemedia.com\/?p=689967\" class=\"more-link\">Read More<\/a><\/p>\n","protected":false},"author":1,"featured_media":689968,"comment_status":"closed","ping_status":"closed","sticky":false,"template":"Default","format":"standard","meta":[],"categories":[1],"tags":[],"_links":{"self":[{"href":"https:\/\/microscopemedia.com\/index.php?rest_route=\/wp\/v2\/posts\/689967"}],"collection":[{"href":"https:\/\/microscopemedia.com\/index.php?rest_route=\/wp\/v2\/posts"}],"about":[{"href":"https:\/\/microscopemedia.com\/index.php?rest_route=\/wp\/v2\/types\/post"}],"author":[{"embeddable":true,"href":"https:\/\/microscopemedia.com\/index.php?rest_route=\/wp\/v2\/users\/1"}],"replies":[{"embeddable":true,"href":"https:\/\/microscopemedia.com\/index.php?rest_route=%2Fwp%2Fv2%2Fcomments&post=689967"}],"version-history":[{"count":0,"href":"https:\/\/microscopemedia.com\/index.php?rest_route=\/wp\/v2\/posts\/689967\/revisions"}],"wp:featuredmedia":[{"embeddable":true,"href":"https:\/\/microscopemedia.com\/index.php?rest_route=\/wp\/v2\/media\/689968"}],"wp:attachment":[{"href":"https:\/\/microscopemedia.com\/index.php?rest_route=%2Fwp%2Fv2%2Fmedia&parent=689967"}],"wp:term":[{"taxonomy":"category","embeddable":true,"href":"https:\/\/microscopemedia.com\/index.php?rest_route=%2Fwp%2Fv2%2Fcategories&post=689967"},{"taxonomy":"post_tag","embeddable":true,"href":"https:\/\/microscopemedia.com\/index.php?rest_route=%2Fwp%2Fv2%2Ftags&post=689967"}],"curies":[{"name":"wp","href":"https:\/\/api.w.org\/{rel}","templated":true}]}}