{"id":689973,"date":"2026-04-29T18:16:04","date_gmt":"2026-04-29T18:16:04","guid":{"rendered":"https:\/\/microscopemedia.com\/?p=689973"},"modified":"2026-04-29T18:16:04","modified_gmt":"2026-04-29T18:16:04","slug":"ioana-dogioiu-anunta-ajutoare-de-1-milion-de-lei-pentru-persoanele-afectate-de-incendiul-din-vrancea","status":"publish","type":"post","link":"https:\/\/microscopemedia.com\/?p=689973","title":{"rendered":"Ioana Dogioiu anun\u021b\u0103 ajutoare de 1 milion de lei pentru persoanele afectate de incendiul din Vrancea"},"content":{"rendered":"<div><img decoding=\"async\" src=\"https:\/\/microscopemedia.com\/wp-content\/uploads\/2026\/04\/ioana-dogioiu-anunta-ajutoare-de-1-milion-de-lei-pentru-persoanele-afectate-de-incendiul-din-vrancea.jpg\" class=\"ff-og-image-inserted\"><\/div>\n<p id=\"p-0\">Miercuri, \u00een urma \u0219edin\u021bei de Guvern, purt\u0103toarea de cuv\u00e2nt a Cabinetului Bolojan, Ioana Dogioiu a anun\u021bat ajutoare de 1 milion de lei pentru persoanele afectate de incendiul din localitatea Ruc\u0103reni, comuna Soveja, Vrancea.<\/p>\n<p id=\"p-1\">Potrivit acesteia, ajutoarele vor fi acordate astfel:<\/p>\n<ul>\n<li>30 de mii de lei pentru familiile \u0219i persoanele singure, ale c\u0103ror locuin\u021be au fost afectate \u00een integralitate;<\/li>\n<li>25 de mii de lei pentru familiile \u0219i persoanele singure, ale c\u0103ror locuin\u021be au fost afectate \u00een propor\u021bie mai mare de 75% inclusiv, dar nu distruse integral;<\/li>\n<li>15 mii de lei pentru familiile \u0219i persoanele singure, ale c\u0103ror locuin\u021be au fost afectate \u00een propor\u021bie mai mic\u0103 de 75%.<\/li>\n<\/ul>\n<p id=\"p-2\">\u00cen situa\u021bia \u00een care locuin\u021bele persoanelor care au primit ajutorul \u00een sum\u0103 de 25 de mii de lei sau 15 mii de lei, din cauza afect\u0103rii structurii, se deterioreaz\u0103 \u00een totalitate, persoanele vor primi diferen\u021ba de sum\u0103 p\u00e2n\u0103 la valoarea de 30 de mii de lei.<\/p>\n<p id=\"p-3\">\u201e\u00cen perioada urm\u0103toare, pe m\u0103sura evalu\u0103rii \u00een continuare a pagubelor, va fi acordat\u0103 a doua tran\u0219\u0103 de ajutoare pe modelul deja stabilit de CNSU, \u00een care se va \u021bine cont \u0219i de asigur\u0103rile pe care le au persoanele respective, asigur\u0103ri obligatorii sau facultative\u201d, a ad\u0103ugat Dogioiu.<\/p>\n","protected":false},"excerpt":{"rendered":"<p>Miercuri, \u00een urma \u0219edin\u021bei de Guvern, purt\u0103toarea de cuv\u00e2nt a Cabinetului Bolojan, Ioana Dogioiu a anun\u021bat ajutoare de 1 milion de lei pentru persoanele afectate de incendiul din localitatea Ruc\u0103reni, &hellip; <a href=\"https:\/\/microscopemedia.com\/?p=689973\" class=\"more-link\">Read More<\/a><\/p>\n","protected":false},"author":1,"featured_media":689974,"comment_status":"closed","ping_status":"closed","sticky":false,"template":"Default","format":"standard","meta":[],"categories":[1],"tags":[],"_links":{"self":[{"href":"https:\/\/microscopemedia.com\/index.php?rest_route=\/wp\/v2\/posts\/689973"}],"collection":[{"href":"https:\/\/microscopemedia.com\/index.php?rest_route=\/wp\/v2\/posts"}],"about":[{"href":"https:\/\/microscopemedia.com\/index.php?rest_route=\/wp\/v2\/types\/post"}],"author":[{"embeddable":true,"href":"https:\/\/microscopemedia.com\/index.php?rest_route=\/wp\/v2\/users\/1"}],"replies":[{"embeddable":true,"href":"https:\/\/microscopemedia.com\/index.php?rest_route=%2Fwp%2Fv2%2Fcomments&post=689973"}],"version-history":[{"count":0,"href":"https:\/\/microscopemedia.com\/index.php?rest_route=\/wp\/v2\/posts\/689973\/revisions"}],"wp:featuredmedia":[{"embeddable":true,"href":"https:\/\/microscopemedia.com\/index.php?rest_route=\/wp\/v2\/media\/689974"}],"wp:attachment":[{"href":"https:\/\/microscopemedia.com\/index.php?rest_route=%2Fwp%2Fv2%2Fmedia&parent=689973"}],"wp:term":[{"taxonomy":"category","embeddable":true,"href":"https:\/\/microscopemedia.com\/index.php?rest_route=%2Fwp%2Fv2%2Fcategories&post=689973"},{"taxonomy":"post_tag","embeddable":true,"href":"https:\/\/microscopemedia.com\/index.php?rest_route=%2Fwp%2Fv2%2Ftags&post=689973"}],"curies":[{"name":"wp","href":"https:\/\/api.w.org\/{rel}","templated":true}]}}