{"id":689975,"date":"2026-04-29T18:26:03","date_gmt":"2026-04-29T18:26:03","guid":{"rendered":"https:\/\/microscopemedia.com\/?p=689975"},"modified":"2026-04-29T18:26:03","modified_gmt":"2026-04-29T18:26:03","slug":"agitatie-inainte-de-motiune-motiunea-a-venit-dupa-ce-bolojan-a-preluat-interimatul-la-energie-premierul-raspunde","status":"publish","type":"post","link":"https:\/\/microscopemedia.com\/?p=689975","title":{"rendered":"\u201eAgita\u021bie \u00eenainte de mo\u021biune\u201d. Mo\u021biunea a venit dup\u0103 ce Bolojan a preluat interimatul la Energie? Premierul r\u0103spunde"},"content":{"rendered":"<div><img decoding=\"async\" src=\"https:\/\/microscopemedia.com\/wp-content\/uploads\/2026\/04\/agitatie-inainte-de-motiune-motiunea-a-venit-dupa-ce-bolojan-a-preluat-interimatul-la-energie-premierul-raspunde.jpg\" class=\"ff-og-image-inserted\"><\/div>\n<p class=\"font-claude-response-body break-words whitespace-normal leading-[1.7]\" id=\"p-0\">\u00centrebat cum evalueaz\u0103 situa\u021bia cu 20 de voturi peste pragul necesar, Bolojan a refuzat s\u0103 fac\u0103 pronosticuri. A atacat \u00eens\u0103 logica demersului.<\/p>\n<p class=\"font-claude-response-body break-words whitespace-normal leading-[1.7]\" id=\"p-1\">\u201eCei care lucreaz\u0103 la o demolare a Guvernului, dac\u0103 s-ar g\u00e2ndi la interesul \u021b\u0103rii \u0219i nu la interesele de grup, ar trebui s\u0103 vin\u0103 cu o solu\u021bie\u201d, a spus premierul.<\/p>\n<p class=\"font-claude-response-body break-words whitespace-normal leading-[1.7]\" id=\"p-2\">A comparat situa\u021bia cu Germania, unde orice mo\u021biune trebuie \u00eenso\u021bit\u0103 de un premier \u0219i guvern alternativ propus.<\/p>\n<h2 class=\"text-text-100 mt-3 -mb-1 text-[1.125rem] font-bold\" id=\"chapter-0\">Costuri reale pentru Rom\u00e2nia<\/h2>\n<p class=\"font-claude-response-body break-words whitespace-normal leading-[1.7]\" id=\"p-3\">Referitor la impactul crizei politice, Bolojan a avertizat c\u0103 instabilitatea genereaz\u0103 cre\u0219terea dob\u00e2nzilor la \u00eemprumuturi, sc\u0103derea \u00eencrederii investitorilor \u0219i deprecierea cursului valutar. \u201eDob\u00e2nzile sunt de 60 de miliarde doar anul acesta, c\u00e2t valoarea autostr\u0103zii Moldovei \u00eentr-un singur an\u201d, a spus premierul.<\/p>\n<h2 class=\"text-text-100 mt-3 -mb-1 text-[1.125rem] font-bold\" id=\"chapter-1\">Negocieri \u00een curs<\/h2>\n<p class=\"font-claude-response-body break-words whitespace-normal leading-[1.7]\" id=\"p-4\">\u00centrebat dac\u0103 mai exist\u0103 canale de negociere cu semnatarii mo\u021biunii, Bolojan a confirmat c\u0103 discu\u021biile au loc.<\/p>\n<p class=\"font-claude-response-body break-words whitespace-normal leading-[1.7]\" id=\"p-5\">\u201eExist\u0103 o agita\u021bie \u00eenainte de mo\u021biune. Exist\u0103 discu\u021bii \u00eentre parlamentari \u00een interiorul grupurilor. Asta se \u00eent\u00e2mpl\u0103 \u0219i acum, este un fenomen normal\u201d, a r\u0103spuns el. A ad\u0103ugat c\u0103 va discuta cu orice parlamentar care caut\u0103 s\u0103 \u00een\u021beleag\u0103 motivele \u0219i solu\u021biile pentru viitor.<\/p>\n<h2 class=\"text-text-100 mt-3 -mb-1 text-[1.125rem] font-bold\" id=\"chapter-2\">Mo\u021biunea, dup\u0103 preluarea interimatului la Energie?<\/h2>\n<p class=\"font-claude-response-body break-words whitespace-normal leading-[1.7]\" id=\"p-6\">\u00centrebat dac\u0103 mo\u021biunea a venit ca reac\u021bie la preluarea de c\u0103tre Bolojan a interimatului la Ministerul Energiei, dup\u0103 demisia mini\u0219trilor PSD, premierul a r\u0103spuns indirect. A explicat c\u0103 a g\u0103sit autoriza\u021bii de racordare emise pe h\u00e2rtie, f\u0103r\u0103 investi\u021bii reale, de 3-4 ori mai mari dec\u00e2t capacitatea re\u021belelor.<\/p>\n<p class=\"font-claude-response-body break-words whitespace-normal leading-[1.7]\" id=\"p-7\">\u201eSunt sume imense \u00een joc. Cu siguran\u021b\u0103 a deranjat acest lucru\u201d, a spus Bolojan.<\/p>\n<h2 class=\"text-text-100 mt-3 -mb-1 text-[1.125rem] font-bold\" id=\"chapter-3\">\u201eBugetul nu mai e pu\u0219culi\u021b\u0103\u201d<\/h2>\n<p class=\"font-claude-response-body break-words whitespace-normal leading-[1.7]\" id=\"p-8\">Premierul a mai spus c\u0103 a blocat finan\u021barea administra\u021biilor neperformante \u0219i a proiectelor nefinalizate.<\/p>\n<p class=\"font-claude-response-body break-words whitespace-normal leading-[1.7]\" id=\"p-9\">\u201eCa o familie cu rate mari, am trebuit s\u0103 stabilesc reguli \u0219i s\u0103 pun reflectoarele pe zonele care ne generau pierderi masive\u201d.<\/p>\n","protected":false},"excerpt":{"rendered":"<p>\u00centrebat cum evalueaz\u0103 situa\u021bia cu 20 de voturi peste pragul necesar, Bolojan a refuzat s\u0103 fac\u0103 pronosticuri. A atacat \u00eens\u0103 logica demersului. \u201eCei care lucreaz\u0103 la o demolare a Guvernului, &hellip; <a href=\"https:\/\/microscopemedia.com\/?p=689975\" class=\"more-link\">Read More<\/a><\/p>\n","protected":false},"author":1,"featured_media":689976,"comment_status":"closed","ping_status":"closed","sticky":false,"template":"Default","format":"standard","meta":[],"categories":[1],"tags":[],"_links":{"self":[{"href":"https:\/\/microscopemedia.com\/index.php?rest_route=\/wp\/v2\/posts\/689975"}],"collection":[{"href":"https:\/\/microscopemedia.com\/index.php?rest_route=\/wp\/v2\/posts"}],"about":[{"href":"https:\/\/microscopemedia.com\/index.php?rest_route=\/wp\/v2\/types\/post"}],"author":[{"embeddable":true,"href":"https:\/\/microscopemedia.com\/index.php?rest_route=\/wp\/v2\/users\/1"}],"replies":[{"embeddable":true,"href":"https:\/\/microscopemedia.com\/index.php?rest_route=%2Fwp%2Fv2%2Fcomments&post=689975"}],"version-history":[{"count":0,"href":"https:\/\/microscopemedia.com\/index.php?rest_route=\/wp\/v2\/posts\/689975\/revisions"}],"wp:featuredmedia":[{"embeddable":true,"href":"https:\/\/microscopemedia.com\/index.php?rest_route=\/wp\/v2\/media\/689976"}],"wp:attachment":[{"href":"https:\/\/microscopemedia.com\/index.php?rest_route=%2Fwp%2Fv2%2Fmedia&parent=689975"}],"wp:term":[{"taxonomy":"category","embeddable":true,"href":"https:\/\/microscopemedia.com\/index.php?rest_route=%2Fwp%2Fv2%2Fcategories&post=689975"},{"taxonomy":"post_tag","embeddable":true,"href":"https:\/\/microscopemedia.com\/index.php?rest_route=%2Fwp%2Fv2%2Ftags&post=689975"}],"curies":[{"name":"wp","href":"https:\/\/api.w.org\/{rel}","templated":true}]}}