{"id":689979,"date":"2026-04-29T18:46:03","date_gmt":"2026-04-29T18:46:03","guid":{"rendered":"https:\/\/microscopemedia.com\/?p=689979"},"modified":"2026-04-29T18:46:03","modified_gmt":"2026-04-29T18:46:03","slug":"sa-nu-ne-ascundem-dupa-degete-premierul-bolojan-cand-nu-stii-cine-ti-vine-sef-randamentul-scade","status":"publish","type":"post","link":"https:\/\/microscopemedia.com\/?p=689979","title":{"rendered":"\u201eS\u0103 nu ne ascundem dup\u0103 degete\u201d. Premierul Bolojan: C\u00e2nd nu \u0219tii cine-\u021bi vine \u0219ef, randamentul scade"},"content":{"rendered":"<div><img decoding=\"async\" src=\"https:\/\/microscopemedia.com\/wp-content\/uploads\/2026\/04\/sa-nu-ne-ascundem-dupa-degete-premierul-bolojan-cand-nu-stii-cine-ti-vine-sef-randamentul-scade.jpg\" class=\"ff-og-image-inserted\"><\/div>\n<p class=\"font-claude-response-body break-words whitespace-normal leading-[1.7]\" id=\"p-0\">Bolojan a r\u0103spuns c\u0103 PNL nu poate ignora ce s-a \u00eent\u00e2mplat. Pre\u0219edintele i-ar putea cere s\u0103 r\u0103m\u00e2n\u0103 \u00eentr-o coali\u021bie pro-european\u0103. R\u0103spunsul e acela\u0219i.<\/p>\n<p class=\"font-claude-response-body break-words whitespace-normal leading-[1.7]\" id=\"p-1\">\u201eDac\u0103 cineva nu te respect\u0103, dac\u0103 minte \u00een permanen\u021b\u0103, dac\u0103 nu respect\u0103 nicio \u00een\u021belegere, a mai \u00eencerca o coali\u021bie cu un astfel de partid nu se poate\u201d, a spus premierul. Responsabilitatea crizei este \u201e\u00een curtea PSD\u201d.<\/p>\n<h2 class=\"text-text-100 mt-3 -mb-1 text-[1.125rem] font-bold\" id=\"chapter-0\">Efectele instabilit\u0103\u021bii asupra guvern\u0103rii<\/h2>\n<p class=\"font-claude-response-body break-words whitespace-normal leading-[1.7]\" id=\"p-2\">Bolojan a explicat c\u0103 incertitudinea politic\u0103 prelungit\u0103 reduce capacitatea de livrare a Guvernului. \u201eDac\u0103 nu \u0219tii cine-\u021bi vine \u0219ef, dac\u0103 se schimb\u0103 secretarul general, dac\u0103 unii demisioneaz\u0103, al\u021bii sunt amenin\u021ba\u021bi cu demiterea, randamentul aparatului scade. E logic\u201d, a punctat premierul.<\/p>\n<p class=\"font-claude-response-body break-words whitespace-normal leading-[1.7]\" id=\"p-3\">A ad\u0103ugat c\u0103 absorb\u021bia fondurilor europene \u0219i termenele din PNRR sunt probleme serioase. Au nevoie de decizii \u0219i acorduri clare.<\/p>\n<h2 class=\"text-text-100 mt-3 -mb-1 text-[1.125rem] font-bold\" id=\"chapter-1\">PNL la consult\u0103ri: f\u0103r\u0103 PSD<\/h2>\n<p class=\"font-claude-response-body break-words whitespace-normal leading-[1.7]\" id=\"p-4\">Referitor la \u00eentrebarea ce alternative vede dup\u0103 mo\u021biune, Bolojan a r\u0103spuns c\u0103 PNL va merge la consult\u0103rile cu pre\u0219edintele cu o pozi\u021bie consecvent\u0103 deciziilor deja luate.<\/p>\n<p class=\"font-claude-response-body break-words whitespace-normal leading-[1.7]\" id=\"p-5\">\u201ePutem fi \u00eentr-o guvernare, dar nu mai putem fi \u00eentr-o coali\u021bie cu PSD\u201d, a spus el. A l\u0103sat o u\u0219\u0103 \u00eentredeschis\u0103: dac\u0103 cineva din conducerea PSD \u0219i-ar asuma r\u0103spunderea pentru aceast\u0103 criz\u0103, lucrurile s-ar putea discuta, dar a apreciat c\u0103 acest scenariu este pu\u021bin probabil.<\/p>\n<h2 class=\"text-text-100 mt-3 -mb-1 text-[1.125rem] font-bold\" id=\"chapter-2\">\u201eUn pol de modernizare, \u0219i din opozi\u021bie\u201d<\/h2>\n<p class=\"font-claude-response-body break-words whitespace-normal leading-[1.7]\" id=\"p-6\">Premierul a precizat c\u0103 niciun partid nu este condamnat s\u0103 fie ve\u0219nic la guvernare. \u201eDac\u0103 nu exist\u0103 alt\u0103 solu\u021bie, PNL trebuie s\u0103 construiasc\u0103 un pol de modernizare care, \u00eentr-o situa\u021bie limit\u0103, poate fi construit \u0219i din opozi\u021bie\u201d, a conchis Bolojan.<\/p>\n","protected":false},"excerpt":{"rendered":"<p>Bolojan a r\u0103spuns c\u0103 PNL nu poate ignora ce s-a \u00eent\u00e2mplat. Pre\u0219edintele i-ar putea cere s\u0103 r\u0103m\u00e2n\u0103 \u00eentr-o coali\u021bie pro-european\u0103. R\u0103spunsul e acela\u0219i. \u201eDac\u0103 cineva nu te respect\u0103, dac\u0103 minte &hellip; <a href=\"https:\/\/microscopemedia.com\/?p=689979\" class=\"more-link\">Read More<\/a><\/p>\n","protected":false},"author":1,"featured_media":689980,"comment_status":"closed","ping_status":"closed","sticky":false,"template":"Default","format":"standard","meta":[],"categories":[1],"tags":[],"_links":{"self":[{"href":"https:\/\/microscopemedia.com\/index.php?rest_route=\/wp\/v2\/posts\/689979"}],"collection":[{"href":"https:\/\/microscopemedia.com\/index.php?rest_route=\/wp\/v2\/posts"}],"about":[{"href":"https:\/\/microscopemedia.com\/index.php?rest_route=\/wp\/v2\/types\/post"}],"author":[{"embeddable":true,"href":"https:\/\/microscopemedia.com\/index.php?rest_route=\/wp\/v2\/users\/1"}],"replies":[{"embeddable":true,"href":"https:\/\/microscopemedia.com\/index.php?rest_route=%2Fwp%2Fv2%2Fcomments&post=689979"}],"version-history":[{"count":0,"href":"https:\/\/microscopemedia.com\/index.php?rest_route=\/wp\/v2\/posts\/689979\/revisions"}],"wp:featuredmedia":[{"embeddable":true,"href":"https:\/\/microscopemedia.com\/index.php?rest_route=\/wp\/v2\/media\/689980"}],"wp:attachment":[{"href":"https:\/\/microscopemedia.com\/index.php?rest_route=%2Fwp%2Fv2%2Fmedia&parent=689979"}],"wp:term":[{"taxonomy":"category","embeddable":true,"href":"https:\/\/microscopemedia.com\/index.php?rest_route=%2Fwp%2Fv2%2Fcategories&post=689979"},{"taxonomy":"post_tag","embeddable":true,"href":"https:\/\/microscopemedia.com\/index.php?rest_route=%2Fwp%2Fv2%2Ftags&post=689979"}],"curies":[{"name":"wp","href":"https:\/\/api.w.org\/{rel}","templated":true}]}}