{"id":689983,"date":"2026-04-29T19:06:04","date_gmt":"2026-04-29T19:06:04","guid":{"rendered":"https:\/\/microscopemedia.com\/?p=689983"},"modified":"2026-04-29T19:06:04","modified_gmt":"2026-04-29T19:06:04","slug":"va-candida-bolojan-la-presedintie-raspunsul-premierului","status":"publish","type":"post","link":"https:\/\/microscopemedia.com\/?p=689983","title":{"rendered":"Va candida Bolojan la Pre\u0219edin\u021bie? R\u0103spunsul premierului"},"content":{"rendered":"<div><img decoding=\"async\" src=\"https:\/\/microscopemedia.com\/wp-content\/uploads\/2026\/04\/va-candida-bolojan-la-presedintie-raspunsul-premierului.jpg\" class=\"ff-og-image-inserted\"><\/div>\n<p class=\"font-claude-response-body break-words whitespace-normal leading-[1.7]\" id=\"p-0\">\u00centrebat, la TVR 1, dac\u0103, dup\u0103 experien\u021ba de pre\u0219edinte interimar \u0219i premier, ia \u00een calcul o candidatur\u0103 preziden\u021bial\u0103, Bolojan a r\u0103spuns indirect. A spus c\u0103 a fost 20 de ani om de executiv. A \u00eencercat s\u0103 schimbe comunit\u0103\u021bi din pozi\u021bii executive, ca primar \u0219i ca pre\u0219edinte al Consiliului Jude\u021bean Bihor.<\/p>\n<p class=\"font-claude-response-body break-words whitespace-normal leading-[1.7]\" id=\"p-1\">\u201eVoi r\u0103m\u00e2ne \u00een orice situa\u021bie un om activ, un om care va lupta s\u0103 fac\u0103 ce trebuie pentru Rom\u00e2nia. Nu conteaz\u0103 pozi\u021bia \u00een care e\u0219ti. Conteaz\u0103 s\u0103 faci ce trebuie\u201d, a spus premierul.<\/p>\n<p class=\"font-claude-response-body break-words whitespace-normal leading-[1.7]\" id=\"p-2\">Jurnalistul a insistat: \u201e\u00cen\u021beleg de aici c\u0103 nu a\u021bi spus nu\u201d.<\/p>\n<p class=\"font-claude-response-body break-words whitespace-normal leading-[1.7]\" id=\"p-3\">Bolojan a r\u0103spuns c\u0103 dac\u0103 ar fi dorit s\u0103 ocupe o anumit\u0103 pozi\u021bie, ar fi putut candida c\u00e2nd a existat oportunitatea. \u201eAm f\u0103cut ce a fost nevoie \u00een contextul dat \u0219i am respectat \u00een\u021belegerile\u201d, a ad\u0103ugat el.<\/p>\n<p class=\"font-claude-response-body break-words whitespace-normal leading-[1.7]\" id=\"p-4\">A \u00eencheiat cu o reflec\u021bie despre munca \u00een echip\u0103.<\/p>\n<p class=\"font-claude-response-body break-words whitespace-normal leading-[1.7]\" id=\"p-5\">\u201eDe la colega din guvern care face cur\u0103\u021benie, p\u00e2n\u0103 la cei de la cel mai mic post, to\u021bi contribuie la rezultatul unei echipe. Important e s\u0103 faci ce \u021bine de tine acolo unde e\u0219ti\u201d.<\/p>\n","protected":false},"excerpt":{"rendered":"<p>\u00centrebat, la TVR 1, dac\u0103, dup\u0103 experien\u021ba de pre\u0219edinte interimar \u0219i premier, ia \u00een calcul o candidatur\u0103 preziden\u021bial\u0103, Bolojan a r\u0103spuns indirect. A spus c\u0103 a fost 20 de ani &hellip; <a href=\"https:\/\/microscopemedia.com\/?p=689983\" class=\"more-link\">Read More<\/a><\/p>\n","protected":false},"author":1,"featured_media":689984,"comment_status":"closed","ping_status":"closed","sticky":false,"template":"Default","format":"standard","meta":[],"categories":[1],"tags":[],"_links":{"self":[{"href":"https:\/\/microscopemedia.com\/index.php?rest_route=\/wp\/v2\/posts\/689983"}],"collection":[{"href":"https:\/\/microscopemedia.com\/index.php?rest_route=\/wp\/v2\/posts"}],"about":[{"href":"https:\/\/microscopemedia.com\/index.php?rest_route=\/wp\/v2\/types\/post"}],"author":[{"embeddable":true,"href":"https:\/\/microscopemedia.com\/index.php?rest_route=\/wp\/v2\/users\/1"}],"replies":[{"embeddable":true,"href":"https:\/\/microscopemedia.com\/index.php?rest_route=%2Fwp%2Fv2%2Fcomments&post=689983"}],"version-history":[{"count":0,"href":"https:\/\/microscopemedia.com\/index.php?rest_route=\/wp\/v2\/posts\/689983\/revisions"}],"wp:featuredmedia":[{"embeddable":true,"href":"https:\/\/microscopemedia.com\/index.php?rest_route=\/wp\/v2\/media\/689984"}],"wp:attachment":[{"href":"https:\/\/microscopemedia.com\/index.php?rest_route=%2Fwp%2Fv2%2Fmedia&parent=689983"}],"wp:term":[{"taxonomy":"category","embeddable":true,"href":"https:\/\/microscopemedia.com\/index.php?rest_route=%2Fwp%2Fv2%2Fcategories&post=689983"},{"taxonomy":"post_tag","embeddable":true,"href":"https:\/\/microscopemedia.com\/index.php?rest_route=%2Fwp%2Fv2%2Ftags&post=689983"}],"curies":[{"name":"wp","href":"https:\/\/api.w.org\/{rel}","templated":true}]}}