{"id":689989,"date":"2026-04-29T19:46:05","date_gmt":"2026-04-29T19:46:05","guid":{"rendered":"https:\/\/microscopemedia.com\/?p=689989"},"modified":"2026-04-29T19:46:05","modified_gmt":"2026-04-29T19:46:05","slug":"de-ce-nu-a-aprins-lumina-mai-devreme-bolojan-prima-data-trebuia-sa-vezi-unde-sunt-camarile","status":"publish","type":"post","link":"https:\/\/microscopemedia.com\/?p=689989","title":{"rendered":"De ce nu a \u201eaprins lumina\u201d mai devreme Bolojan? \u201ePrima dat\u0103 trebuia s\u0103 vezi unde sunt c\u0103m\u0103rile\u201d"},"content":{"rendered":"<div><img decoding=\"async\" src=\"https:\/\/microscopemedia.com\/wp-content\/uploads\/2026\/04\/de-ce-nu-a-aprins-lumina-mai-devreme-bolojan-prima-data-trebuia-sa-vezi-unde-sunt-camarile.jpg\" class=\"ff-og-image-inserted\"><\/div>\n<p id=\"p-0\">\u201ePoate trebuia s\u0103 aprinde\u021bi lumina \u00eenc\u0103 din primele luni ale acestui mandat\u201d, a fost \u00eentrebat Ilie Bolojan la TVR.<\/p>\n<p id=\"p-1\">\u201ePrima dat\u0103 trebuia s\u0103 vezi unde sunt c\u0103m\u0103rile guvern\u0103rii. \u0218i uneori trebuie s\u0103 le descoperi \u0219i \u00ee\u021bi trebuie timp pentru asta\u201d, a r\u0103spuns Ilie Bolojan.<\/p>\n<p id=\"p-2\">Pe de alt\u0103 parte \u2013 a mai spus Ilie Bolojan \u2013 \u201eatunci c\u00e2nd lucrezi este imposibil s\u0103 le faci pe toate perfect. G\u00e2ndi\u021bi-v\u0103 c\u0103 anumite lucruri a trebuit s\u0103 le facem cu anumit\u0103 \u00eent\u00e2rziere, \u00eentr-o anumit\u0103 for\u021b\u0103. Unele lucruri s-au lungit, g\u00e2ndi\u021bi-v\u0103 c\u0103 am avut contest\u0103rile la Curtea Constitu\u021bional\u0103. Ce greu a trecut corectarea situa\u021biei din zona de justi\u021bie, cu pension\u0103rile la v\u00e2rste mult prea reduse, cu acele pensii care erau la un nivel care, comparativ cu ceilal\u021bi oameni, erau, \u00eentr-adev\u0103r, ni\u0219te diferen\u021be foarte mari, care creau o mare nemul\u021bumire. Deci toate lucrurile astea s-au f\u0103cut greu\u201d, a afirmat premierul.<\/p>\n<p id=\"p-3\">Premierul mai spune c\u0103 \u0219i \u00een actul de guvernare, ca \u0219i \u00een munca fiec\u0103rui om, acas\u0103, la serviciu, \u201enimeni nu este perfect\u201d.<\/p>\n<p id=\"p-4\">\u201eDar m\u0103 rog s\u0103 m\u0103 crede\u021bi c\u0103 dac\u0103 a\u0219 fi v\u0103zut \u00een aceast\u0103 perioad\u0103, c\u0103 dac\u0103 m\u00e2ine a\u0219 renun\u021ba la acest post, lucrurile s-ar schimba dintr-o dat\u0103, crede\u021bi-m\u0103 c\u0103 n-ar fi niciun fel de problem\u0103 s\u0103 fac asta, dar nu s-ar schimba. Pe de o parte \u0219i eu totdeauna am c\u0103utat s\u0103 duc lucrurile p\u00e2n\u0103 la cap\u0103t \u0219i atunci c\u00e2nd am fost pe un post, s\u0103 fac tot ceea ce \u021bine de mine pentru a onora \u00eencrederea oamenilor sau responsabilitatea cu care am fost \u00eenvestit\u201d, a mai declarat Ilie Bolojan.<\/p>\n","protected":false},"excerpt":{"rendered":"<p>\u201ePoate trebuia s\u0103 aprinde\u021bi lumina \u00eenc\u0103 din primele luni ale acestui mandat\u201d, a fost \u00eentrebat Ilie Bolojan la TVR. \u201ePrima dat\u0103 trebuia s\u0103 vezi unde sunt c\u0103m\u0103rile guvern\u0103rii. \u0218i uneori &hellip; <a href=\"https:\/\/microscopemedia.com\/?p=689989\" class=\"more-link\">Read More<\/a><\/p>\n","protected":false},"author":1,"featured_media":689990,"comment_status":"closed","ping_status":"closed","sticky":false,"template":"Default","format":"standard","meta":[],"categories":[1],"tags":[],"_links":{"self":[{"href":"https:\/\/microscopemedia.com\/index.php?rest_route=\/wp\/v2\/posts\/689989"}],"collection":[{"href":"https:\/\/microscopemedia.com\/index.php?rest_route=\/wp\/v2\/posts"}],"about":[{"href":"https:\/\/microscopemedia.com\/index.php?rest_route=\/wp\/v2\/types\/post"}],"author":[{"embeddable":true,"href":"https:\/\/microscopemedia.com\/index.php?rest_route=\/wp\/v2\/users\/1"}],"replies":[{"embeddable":true,"href":"https:\/\/microscopemedia.com\/index.php?rest_route=%2Fwp%2Fv2%2Fcomments&post=689989"}],"version-history":[{"count":0,"href":"https:\/\/microscopemedia.com\/index.php?rest_route=\/wp\/v2\/posts\/689989\/revisions"}],"wp:featuredmedia":[{"embeddable":true,"href":"https:\/\/microscopemedia.com\/index.php?rest_route=\/wp\/v2\/media\/689990"}],"wp:attachment":[{"href":"https:\/\/microscopemedia.com\/index.php?rest_route=%2Fwp%2Fv2%2Fmedia&parent=689989"}],"wp:term":[{"taxonomy":"category","embeddable":true,"href":"https:\/\/microscopemedia.com\/index.php?rest_route=%2Fwp%2Fv2%2Fcategories&post=689989"},{"taxonomy":"post_tag","embeddable":true,"href":"https:\/\/microscopemedia.com\/index.php?rest_route=%2Fwp%2Fv2%2Ftags&post=689989"}],"curies":[{"name":"wp","href":"https:\/\/api.w.org\/{rel}","templated":true}]}}