{"id":689991,"date":"2026-04-29T19:56:04","date_gmt":"2026-04-29T19:56:04","guid":{"rendered":"https:\/\/microscopemedia.com\/?p=689991"},"modified":"2026-04-29T19:56:04","modified_gmt":"2026-04-29T19:56:04","slug":"diana-buzoianu-ministru-usr-vreau-un-guvern-care-sa-trezeasca-in-oameni-o-speranta-nu-revolta","status":"publish","type":"post","link":"https:\/\/microscopemedia.com\/?p=689991","title":{"rendered":"Diana Buzoianu, ministru USR: Vreau un guvern care s\u0103 trezeasc\u0103 \u00een oameni o speran\u021b\u0103, nu revolt\u0103"},"content":{"rendered":"<div><img decoding=\"async\" src=\"https:\/\/microscopemedia.com\/wp-content\/uploads\/2026\/04\/diana-buzoianu-ministru-usr-vreau-un-guvern-care-sa-trezeasca-in-oameni-o-speranta-nu-revolta.jpg\" class=\"ff-og-image-inserted\"><\/div>\n<p id=\"p-0\">\u201eMi\u0219c\u0103rile extremiste sunt ast\u0103zi at\u00e2t de sus pentru c\u0103 oamenii sunt revolta\u021bi. Nu mai vor s\u0103 vad\u0103 corup\u021bie, nu mai vor s\u0103 vad\u0103 at\u00e2ta nep\u0103sare. Ori noi, din guvern, trebuie s\u0103 \u00eendrept\u0103m aceste lucruri\u201d, a afirmat ministrul Mediului, Diana Buzoianu, miercuri sear\u0103, la B1 TV.<\/p>\n<p id=\"p-1\">Ea a sus\u021binut c\u0103 tolerarea intereselor de grup \u0219i a re\u021belelor conectate la banii publici nu mai poate continua, iar actuala putere trebuie s\u0103 arate c\u0103 institu\u021biile pot fi cur\u0103\u021bate \u0219i puse \u00een slujba cet\u0103\u021beanului.<\/p>\n<p id=\"p-2\">\u201e\u00centre a nu mai \u00eentoarce ochii de la corup\u021bie, \u00eentre a nu mai l\u0103sa b\u0103ie\u021bii de\u0219tep\u021bi s\u0103 capitalizeze, s\u0103 fie mufa\u021bi la banii publici, asta este, de fapt, buba care doare cel mai tare\u201d, a declarat Buzoianu.<\/p>\n<p id=\"p-3\">Ministrul a avertizat c\u0103, dac\u0103 reformele nu vor fi continuate, votul de protest se va transforma \u00eentr-o majoritate radical\u0103.<\/p>\n<p id=\"p-4\">\u201eDac\u0103 nu ne facem treaba acum, dac\u0103 \u00eentoarcem \u00een continuare ochii de la corup\u021bie, dac\u0103 nu livr\u0103m reformele astea, \u00een 2028 fiecare dintre drepturile noastre fundamentale vor fi atacate de o majoritate extremist\u0103 care va intra pe un val \u00een Parlament, \u00een Guvern, pe vot de revolt\u0103\u201d, a spus ea.<\/p>\n<p id=\"p-5\">Potrivit ministrului USR, obiectivul actualei guvern\u0103ri trebuie s\u0103 fie schimbarea rela\u021biei dintre institu\u021biile publice \u0219i cet\u0103\u021beni.<\/p>\n<p id=\"p-6\">\u201eEu vreau ca acest guvern s\u0103 nu mai fie un guvern care \u00eempinge Rom\u00e2nia spre revolt\u0103 p\u00e2n\u0103 \u00een 2028. Vreau s\u0103 fie un guvern care s\u0103 trezeasc\u0103 \u00een oameni o speran\u021b\u0103, s\u0103 nu mai existe un vot de revolt\u0103\u201d, a afirmat Buzoianu.<\/p>\n<h2 id=\"chapter-0\">\u201eNu vrem s\u0103 facem r\u0103u rom\u00e2nilor\u201d<\/h2>\n<p id=\"p-7\">Cu privire la mo\u021biunea de cenzur\u0103 \u00eenaintat\u0103 de PSD \u0219i AUR, Buzoianu a spus c\u0103 USR, spre deosebire de alte partide, \u201enu vrea s\u0103 fac\u0103 r\u0103u rom\u00e2nilor\u201d.<\/p>\n<p id=\"p-8\">\u201eNoi ne lu\u0103m \u00een serios responsabilitatea \u0219i noi, spre deosebire de al\u021bii, spre deosebire de PSD, de exemplu, chiar nu vrem s\u0103 facem r\u0103u rom\u00e2nilor prin aceast\u0103 criz\u0103 creat\u0103 total artificial. Noi ce vrem s\u0103 facem este s\u0103 facem cur\u0103\u021benie \u00een institu\u021bii. \u0218i asta se poate livra dac\u0103 e\u0219ti la guvernare \u0219i dac\u0103 \u00eempingi m\u0103suri de schimbare \u00een bine. Nu dac\u0103 pui piedici la fiecare m\u0103sur\u0103 care trebuie s\u0103 fie discutat\u0103 \u0219i adoptat\u0103\u201d, a spus ea.<\/p>\n<p id=\"p-9\">De asemenea, Diana Buzoianu a pledat pentru men\u021binerea direc\u021biei occidentale a Rom\u00e2niei, spun\u00e2nd c\u0103 \u021bara nu poate face fa\u021b\u0103 singur\u0103 provoc\u0103rilor regionale \u0219i globale.<\/p>\n<p id=\"p-10\">\u201eNoi, ca stat singular, nu mai putem s\u0103 facem fa\u021b\u0103 crizelor politice europene sau interna\u021bionale la care suntem supu\u0219i. F\u0103r\u0103 un sprijin real la nivel european, f\u0103r\u0103 un sprijin real \u00een NATO, noi suntem mult mai vulnerabili\u201d, a spus ministrul.<\/p>\n<p id=\"p-11\">Ea a subliniat c\u0103 securitatea \u0219i prosperitatea Rom\u00e2niei depind de parteneriatele externe \u0219i de apartenen\u021ba la structurile euroatlantice.<\/p>\n<p id=\"p-12\">\u201e\u00cemi doresc ca rom\u00e2nii s\u0103 fie ap\u0103ra\u021bi, \u00eemi doresc ca rom\u00e2nii s\u0103 fie siguri, \u00eemi doresc ca rom\u00e2nii s\u0103 poat\u0103 s\u0103 prospere. \u0218i asta nu se poate face \u00eenchi\u0219i \u00een buc\u0103\u021bica noastr\u0103, \u00een Rom\u00e2nia, cu grani\u021bele \u0219i cu u\u0219ile ferecate\u201d, a mai afirmat Diana Buzoianu.<\/p>\n","protected":false},"excerpt":{"rendered":"<p>\u201eMi\u0219c\u0103rile extremiste sunt ast\u0103zi at\u00e2t de sus pentru c\u0103 oamenii sunt revolta\u021bi. Nu mai vor s\u0103 vad\u0103 corup\u021bie, nu mai vor s\u0103 vad\u0103 at\u00e2ta nep\u0103sare. Ori noi, din guvern, trebuie &hellip; <a href=\"https:\/\/microscopemedia.com\/?p=689991\" class=\"more-link\">Read More<\/a><\/p>\n","protected":false},"author":1,"featured_media":689992,"comment_status":"closed","ping_status":"closed","sticky":false,"template":"Default","format":"standard","meta":[],"categories":[1],"tags":[],"_links":{"self":[{"href":"https:\/\/microscopemedia.com\/index.php?rest_route=\/wp\/v2\/posts\/689991"}],"collection":[{"href":"https:\/\/microscopemedia.com\/index.php?rest_route=\/wp\/v2\/posts"}],"about":[{"href":"https:\/\/microscopemedia.com\/index.php?rest_route=\/wp\/v2\/types\/post"}],"author":[{"embeddable":true,"href":"https:\/\/microscopemedia.com\/index.php?rest_route=\/wp\/v2\/users\/1"}],"replies":[{"embeddable":true,"href":"https:\/\/microscopemedia.com\/index.php?rest_route=%2Fwp%2Fv2%2Fcomments&post=689991"}],"version-history":[{"count":0,"href":"https:\/\/microscopemedia.com\/index.php?rest_route=\/wp\/v2\/posts\/689991\/revisions"}],"wp:featuredmedia":[{"embeddable":true,"href":"https:\/\/microscopemedia.com\/index.php?rest_route=\/wp\/v2\/media\/689992"}],"wp:attachment":[{"href":"https:\/\/microscopemedia.com\/index.php?rest_route=%2Fwp%2Fv2%2Fmedia&parent=689991"}],"wp:term":[{"taxonomy":"category","embeddable":true,"href":"https:\/\/microscopemedia.com\/index.php?rest_route=%2Fwp%2Fv2%2Fcategories&post=689991"},{"taxonomy":"post_tag","embeddable":true,"href":"https:\/\/microscopemedia.com\/index.php?rest_route=%2Fwp%2Fv2%2Ftags&post=689991"}],"curies":[{"name":"wp","href":"https:\/\/api.w.org\/{rel}","templated":true}]}}