{"id":690003,"date":"2026-04-29T23:36:04","date_gmt":"2026-04-29T23:36:04","guid":{"rendered":"https:\/\/microscopemedia.com\/?p=690003"},"modified":"2026-04-29T23:36:04","modified_gmt":"2026-04-29T23:36:04","slug":"trump-analizeaza-reducerea-trupelor-americane-din-germania","status":"publish","type":"post","link":"https:\/\/microscopemedia.com\/?p=690003","title":{"rendered":"Trump analizeaz\u0103 reducerea trupelor americane din Germania"},"content":{"rendered":"<div><img decoding=\"async\" src=\"https:\/\/microscopemedia.com\/wp-content\/uploads\/2026\/04\/trump-analizeaza-reducerea-trupelor-americane-din-germania.jpg\" class=\"ff-og-image-inserted\"><\/div>\n<p id=\"p-0\">Liderul de la Washington a f\u0103cut anun\u021bul printr-un mesaj publicat pe platforma sa Truth Social, preciz\u00e2nd c\u0103 aceast\u0103 op\u021biune se afl\u0103 \u00een prezent \u00een evaluare la nivelul administra\u021biei americane \u0219i c\u0103 o decizie final\u0103 ar putea fi luat\u0103 \u00een perioada imediat urm\u0103toare.<\/p>\n<p id=\"p-1\">\u201eStatele Unite analizeaz\u0103 \u0219i examineaz\u0103 \u00een prezent posibilitatea unei reduceri a efectivelor militare din Germania, iar o decizie va fi luat\u0103 foarte cur\u00e2nd\u201d, a transmis Donald Trump, citat de <a href=\"https:\/\/www.lefigaro.fr\/international\/trump-reflechit-a-reduire-les-forces-armees-americaines-stationnees-en-allemagne-20260430\" target=\"_blank\" rel=\"noopener\">Le Figaro<\/a>.<\/p>\n<h2 id=\"chapter-0\">Dispute privind abordarea conflictului din Iran<\/h2>\n<p id=\"p-2\">Discu\u021biile privind o posibil\u0103 reducere a for\u021belor americane din Germania au fost alimentate de schimburile de replici tot mai dure \u00eentre Washington \u0219i Berlin, generate de pozi\u021biile divergente privind conflictul din Iran.<\/p>\n<p id=\"p-3\">Potrivit cancelarului german, iranienii sunt mai puternici dec\u00e2t se estima, iar Statele Unite nu au o strategie conving\u0103toare \u00een negocieri. De asemenea, Merz a afirmat c\u0103 liderii iranieni \u201eumilesc\u201d SUA, f\u0103c\u00e2ndu-i pe oficialii americani s\u0103 se deplaseze \u00een Pakistan \u0219i apoi s\u0103 plece f\u0103r\u0103 rezultate.<\/p>\n<p id=\"p-4\">\u00cen replic\u0103, Donald Trump l-a criticat pe cancelarul german, sus\u021bin\u00e2nd c\u0103 acesta ar considera acceptabil ca Iranul s\u0103 de\u021bin\u0103 arme nucleare. Afirma\u021bia a fost respins\u0103 de pozi\u021bia oficial\u0103 a lui Merz, care a precizat anterior c\u0103 Iranul nu trebuie s\u0103 de\u021bin\u0103 armament nuclear.<\/p>\n<h2 id=\"chapter-1\">Germania, rol cheie \u00een arhitectura NATO<\/h2>\n<p id=\"p-5\">\u00cen prezent, Germania g\u0103zduie\u0219te cea mai mare prezen\u021b\u0103 militar\u0103 american\u0103 din Europa, cu aproximativ 35.000\u201338.000 de militari, \u00een cadrul angajamentelor NATO.<\/p>\n<p id=\"p-6\">Baze precum Ramstein Air Base \u0219i instala\u021biile din Bavaria (Grafenw\u00f6hr\/Vilseck) func\u021bioneaz\u0103 ca centre logistice \u0219i de antrenament esen\u021biale pentru opera\u021biuni \u00een Europa \u0219i Africa, iar o eventual\u0103 reducere a trupelor ar avea un impact semnificativ asupra arhitecturii de securitate europene.<\/p>\n<p id=\"p-7\">Casa Alb\u0103 nu a oferit detalii suplimentare privind dimensiunea posibil\u0103 a unei astfel de reduceri sau calendarul exact al unei eventuale retrageri par\u021biale a trupelor.<\/p>\n","protected":false},"excerpt":{"rendered":"<p>Liderul de la Washington a f\u0103cut anun\u021bul printr-un mesaj publicat pe platforma sa Truth Social, preciz\u00e2nd c\u0103 aceast\u0103 op\u021biune se afl\u0103 \u00een prezent \u00een evaluare la nivelul administra\u021biei americane \u0219i &hellip; <a href=\"https:\/\/microscopemedia.com\/?p=690003\" class=\"more-link\">Read More<\/a><\/p>\n","protected":false},"author":1,"featured_media":690004,"comment_status":"closed","ping_status":"closed","sticky":false,"template":"Default","format":"standard","meta":[],"categories":[1],"tags":[],"_links":{"self":[{"href":"https:\/\/microscopemedia.com\/index.php?rest_route=\/wp\/v2\/posts\/690003"}],"collection":[{"href":"https:\/\/microscopemedia.com\/index.php?rest_route=\/wp\/v2\/posts"}],"about":[{"href":"https:\/\/microscopemedia.com\/index.php?rest_route=\/wp\/v2\/types\/post"}],"author":[{"embeddable":true,"href":"https:\/\/microscopemedia.com\/index.php?rest_route=\/wp\/v2\/users\/1"}],"replies":[{"embeddable":true,"href":"https:\/\/microscopemedia.com\/index.php?rest_route=%2Fwp%2Fv2%2Fcomments&post=690003"}],"version-history":[{"count":0,"href":"https:\/\/microscopemedia.com\/index.php?rest_route=\/wp\/v2\/posts\/690003\/revisions"}],"wp:featuredmedia":[{"embeddable":true,"href":"https:\/\/microscopemedia.com\/index.php?rest_route=\/wp\/v2\/media\/690004"}],"wp:attachment":[{"href":"https:\/\/microscopemedia.com\/index.php?rest_route=%2Fwp%2Fv2%2Fmedia&parent=690003"}],"wp:term":[{"taxonomy":"category","embeddable":true,"href":"https:\/\/microscopemedia.com\/index.php?rest_route=%2Fwp%2Fv2%2Fcategories&post=690003"},{"taxonomy":"post_tag","embeddable":true,"href":"https:\/\/microscopemedia.com\/index.php?rest_route=%2Fwp%2Fv2%2Ftags&post=690003"}],"curies":[{"name":"wp","href":"https:\/\/api.w.org\/{rel}","templated":true}]}}