{"id":690005,"date":"2026-04-30T00:26:03","date_gmt":"2026-04-30T00:26:03","guid":{"rendered":"https:\/\/microscopemedia.com\/?p=690005"},"modified":"2026-04-30T00:26:03","modified_gmt":"2026-04-30T00:26:03","slug":"navele-spre-gaza-inconjurate-de-marina-israeliana-s-a-pierdut-contactul-cu-mai-multe-ambarcatiuni","status":"publish","type":"post","link":"https:\/\/microscopemedia.com\/?p=690005","title":{"rendered":"Navele spre Gaza, \u00eenconjurate de marina israelian\u0103. \u201eS-a pierdut contactul cu mai multe ambarca\u021biuni\u201d"},"content":{"rendered":"<div><img decoding=\"async\" src=\"https:\/\/microscopemedia.com\/wp-content\/uploads\/2026\/04\/navele-spre-gaza-inconjurate-de-marina-israeliana-s-a-pierdut-contactul-cu-mai-multe-ambarcatiuni.jpg\" class=\"ff-og-image-inserted\"><\/div>\n<p id=\"p-0\">Potrivit Flotilei Globale Sumud \u2013 un grup de peste 50 de nave plecate din Fran\u021ba, Spania \u0219i Italia \u2013 for\u021bele navale israeliene au interceptat convoiul \u0219i au transmis amenin\u021b\u0103ri, iar unele ambarca\u021biuni ar fi fost oprite \u0219i abordate.<\/p>\n<p id=\"p-1\">Organiza\u021bia sus\u021bine c\u0103 militarii israelieni au folosit lasere \u0219i arme de asalt \u0219i au ordonat participan\u021bilor s\u0103 stea aduna\u021bi \u0219i s\u0103 \u00eengenuncheze.<\/p>\n<h2 id=\"chapter-0\">\u201eS-a pierdut contactul cu 11 nave\u201d<\/h2>\n<p id=\"p-2\">\u00centr-un mesaj publicat pe platforma X, preluat de <a href=\"https:\/\/www.lefigaro.fr\/international\/blocus-de-gaza-une-nouvelle-flottille-affirme-avoir-ete-encerclee-par-la-marine-israelienne-20260430\" target=\"_blank\" rel=\"noopener\">Le Figaro<\/a>, coordonatorii flotilei au transmis c\u0103 \u201es-a pierdut contactul cu 11 nave\u201d.<\/p>\n<p id=\"p-3\">\u201eNavele noastre au fost abordate de ambarca\u021biuni militare care s-au identificat ca apar\u021bin\u00e2nd Israelului\u201d, a precizat organiza\u021bia, ad\u0103ug\u00e2nd c\u0103 persoanele aflate la bord au fost \u201eamenin\u021bate cu lasere \u0219i arme de asalt semi-automate\u201d \u0219i li s-a ordonat \u201es\u0103 se adune \u00een partea din fa\u021b\u0103 a navelor \u0219i s\u0103 se a\u0219eze \u00een genunchi\u201d.<\/p>\n<p id=\"p-4\">Potrivit sistemelor de monitorizare ale organiza\u021biei, flotila se afl\u0103 \u00een prezent \u00een largul coastelor Greciei, la vest de insula Creta.<\/p>\n<h2 id=\"chapter-1\">Misiuni similare, oprite anterior<\/h2>\n<p id=\"p-5\">Ini\u021biativa face parte dintr-o serie de ac\u021biuni maritime care contest\u0103 blocada impus\u0103 de Israel asupra F\u00e2\u0219iei Gaza din 2007. La \u00eenceputul lunii octombrie 2025, o misiune similar\u0103 a fost interceptat\u0103 de for\u021bele israeliene \u00een apropierea coastelor Egiptului \u0219i Gazei, iar participan\u021bii au fost re\u021binu\u021bi \u0219i ulterior expulza\u021bi.<\/p>\n<h2 id=\"chapter-2\">Dou\u0103 decenii de restric\u021bii pentru popula\u021bia din Gaza<\/h2>\n<p id=\"p-6\">Israelul men\u021bine de aproape dou\u0103 decenii blocada asupra F\u00e2\u0219iei Gaza, teritoriu controlat de Hamas, \u00een conflictul cu mi\u0219carea islamist\u0103 palestinian\u0103.<\/p>\n<p id=\"p-7\">M\u0103sura presupune restric\u021bii asupra circula\u021biei persoanelor \u0219i a bunurilor, inclusiv limitarea accesului pe mare \u0219i control strict al punctelor de trecere terestre. Autorit\u0103\u021bile israeliene sus\u021bin c\u0103 blocada are rol de securitate, \u00een contextul confrunt\u0103rilor \u0219i atacurilor din zon\u0103.<\/p>\n<p id=\"p-8\">\u00cen schimb, Organiza\u021bia Na\u021biunilor Unite \u0219i alte organiza\u021bii umanitare interna\u021bionale, al\u0103turi de numeroase ONG-uri, au criticat \u00een mod repetat blocada, avertiz\u00e2nd c\u0103 restric\u021biile afecteaz\u0103 grav accesul la alimente, medicamente \u0219i alte bunuri esen\u021biale \u0219i contribuie la agravarea crizei umanitare din F\u00e2\u0219ia Gaza<\/p>\n","protected":false},"excerpt":{"rendered":"<p>Potrivit Flotilei Globale Sumud \u2013 un grup de peste 50 de nave plecate din Fran\u021ba, Spania \u0219i Italia \u2013 for\u021bele navale israeliene au interceptat convoiul \u0219i au transmis amenin\u021b\u0103ri, iar &hellip; <a href=\"https:\/\/microscopemedia.com\/?p=690005\" class=\"more-link\">Read More<\/a><\/p>\n","protected":false},"author":1,"featured_media":690006,"comment_status":"closed","ping_status":"closed","sticky":false,"template":"Default","format":"standard","meta":[],"categories":[1],"tags":[],"_links":{"self":[{"href":"https:\/\/microscopemedia.com\/index.php?rest_route=\/wp\/v2\/posts\/690005"}],"collection":[{"href":"https:\/\/microscopemedia.com\/index.php?rest_route=\/wp\/v2\/posts"}],"about":[{"href":"https:\/\/microscopemedia.com\/index.php?rest_route=\/wp\/v2\/types\/post"}],"author":[{"embeddable":true,"href":"https:\/\/microscopemedia.com\/index.php?rest_route=\/wp\/v2\/users\/1"}],"replies":[{"embeddable":true,"href":"https:\/\/microscopemedia.com\/index.php?rest_route=%2Fwp%2Fv2%2Fcomments&post=690005"}],"version-history":[{"count":0,"href":"https:\/\/microscopemedia.com\/index.php?rest_route=\/wp\/v2\/posts\/690005\/revisions"}],"wp:featuredmedia":[{"embeddable":true,"href":"https:\/\/microscopemedia.com\/index.php?rest_route=\/wp\/v2\/media\/690006"}],"wp:attachment":[{"href":"https:\/\/microscopemedia.com\/index.php?rest_route=%2Fwp%2Fv2%2Fmedia&parent=690005"}],"wp:term":[{"taxonomy":"category","embeddable":true,"href":"https:\/\/microscopemedia.com\/index.php?rest_route=%2Fwp%2Fv2%2Fcategories&post=690005"},{"taxonomy":"post_tag","embeddable":true,"href":"https:\/\/microscopemedia.com\/index.php?rest_route=%2Fwp%2Fv2%2Ftags&post=690005"}],"curies":[{"name":"wp","href":"https:\/\/api.w.org\/{rel}","templated":true}]}}