{"id":690015,"date":"2026-04-30T04:16:05","date_gmt":"2026-04-30T04:16:05","guid":{"rendered":"https:\/\/microscopemedia.com\/?p=690015"},"modified":"2026-04-30T04:16:05","modified_gmt":"2026-04-30T04:16:05","slug":"parlamentul-european-cere-masuri-ferme-pentru-statul-de-drept-ingrijorari-privind-justitia-presa-si-coruptia","status":"publish","type":"post","link":"https:\/\/microscopemedia.com\/?p=690015","title":{"rendered":"Parlamentul European cere m\u0103suri ferme pentru statul de drept: \u00eengrijor\u0103ri privind justi\u021bia, presa \u0219i corup\u021bia"},"content":{"rendered":"<div><img decoding=\"async\" src=\"https:\/\/microscopemedia.com\/wp-content\/uploads\/2026\/04\/parlamentul-european-cere-masuri-ferme-pentru-statul-de-drept-ingrijorari-privind-justitia-presa-si-coruptia.jpg\" class=\"ff-og-image-inserted\"><\/div>\n<p id=\"p-0\">Rezolu\u021bia a fost adoptat\u0103 miercuri \u00een plenul <a href=\"https:\/\/www.europarl.europa.eu\/news\/sv\/press-room\/20260423IPR41839\/rule-of-law-parliament-demands-stronger-action-as-threats-persist\" target=\"_blank\" rel=\"noopener\">Parlamentului European<\/a>, dup\u0103 ce a fost analizat raportului Comisiei Europene privind statul de drept din 2025.<\/p>\n<p id=\"p-1\">Ale\u0219ii europeni atrag aten\u021bia c\u0103, \u00een continuare, majoritatea recomand\u0103rilor f\u0103cute de Comisia European\u0103 nu sunt implementate \u00een mai multe state membre: \u201e93% dintre recomand\u0103ri sunt reluate din anii anteriori\u201d, semn c\u0103 progresele sunt limitate \u00een mai multe domenii-cheie.<\/p>\n<h2 id=\"chapter-0\">Justi\u021bia, sub presiune politic\u0103<\/h2>\n<p id=\"p-2\">Parlamentul European atrage aten\u021bia c\u0103 \u00een unele state membre exist\u0103 \u00een continuare riscuri legate de influen\u021ba politic\u0103 asupra sistemului de justi\u021bie, inclusiv \u00een numirea judec\u0103torilor sau \u00een gestionarea dosarelor.<\/p>\n<p id=\"p-3\">Eurodeputa\u021bii condamn\u0103 orice form\u0103 de interferen\u021b\u0103 politic\u0103 \u0219i au cerut garan\u021bii clare pentru independen\u021ba justi\u021biei. \u201eSunt vizate atacurile asupra judec\u0103torilor \u0219i procurorilor \u0219i utilizarea politic\u0103 a sistemelor de justi\u021bie\u201d, se arat\u0103 \u00een rezolu\u021bia adoptat\u0103.<\/p>\n<p id=\"p-4\">De asemenea, Parlamentul cere respectarea deciziilor Cur\u021bii de Justi\u021bie a UE \u0219i ale Cur\u021bii Europene a Drepturilor Omului.<\/p>\n<h2 id=\"chapter-1\">Corup\u021bia: \u201eo amenin\u021bare serioas\u0103\u201d<\/h2>\n<p id=\"p-5\">Corup\u021bia r\u0103m\u00e2ne una dintre principalele preocup\u0103ri ale eurodeputa\u021bilor, fiind descris\u0103 drept o \u201eamenin\u021bare direct\u0103 la adresa democra\u021biei \u0219i a egalit\u0103\u021bii de tratament\u201d.<\/p>\n<p id=\"p-6\">Parlamentarii au cerut sanc\u021biuni mai dure \u0219i ac\u021biuni mai eficiente \u00een cazurile de corup\u021bie la nivel \u00eenalt. Totodat\u0103, ace\u0219tia solicit\u0103 o cooperare mai str\u00e2ns\u0103 \u00eentre institu\u021biile europene \u0219i participarea deplin\u0103 a Uniunii Europene \u00een GRECO, organismul anticorup\u021bie al Consiliului Europei.<\/p>\n<h2 id=\"chapter-2\">Presiuni asupra presei \u0219i societ\u0103\u021bii civile<\/h2>\n<p id=\"p-7\">Eurodeputa\u021bii au tras un semnal de alarm\u0103 \u0219i privitor la libertatea presei, ar\u0103t\u00e2nd c\u0103 jurnali\u0219tii de investiga\u021bie sunt \u00een continuare expu\u0219i amenin\u021b\u0103rilor, h\u0103r\u021buirii \u0219i proceselor abuzive.<\/p>\n<p id=\"p-8\">\u201eAtacurile asupra jurnali\u0219tilor sunt atacuri directe asupra statului de drept\u201d, avertizeaz\u0103 Parlamentul European.<\/p>\n<p id=\"p-9\">De asemenea, a fost criticat\u0103 utilizarea tehnologiilor de tip spyware, adic\u0103 programele de supraveghere ascuns\u0103 a telefoanelor \u0219i computerelor, dar \u0219i concentrarea propriet\u0103\u021bii media \u00een m\u00e2inile unui num\u0103r redus de actori sau presiunile politice asupra institu\u021biilor de pres\u0103 public\u0103.<\/p>\n<p id=\"p-10\">\u00cen acela\u0219i timp, Parlamentul avertizeaz\u0103 c\u0103 spa\u021biul pentru organiza\u021biile societ\u0103\u021bii civile se restr\u00e2nge \u00een unele state, prin finan\u021b\u0103ri reduse, birocra\u021bie sau campanii de discreditare.<\/p>\n<h2 id=\"chapter-3\">Fondurile UE pot fi suspendate<\/h2>\n<p id=\"p-11\">Eurodeputa\u021bii leag\u0103 direct statul de drept de respectarea drepturilor fundamentale, invoc\u00e2nd probleme legate de discriminare, discurs de ur\u0103, drepturile minorit\u0103\u021bilor, violen\u021b\u0103 de gen sau accesul la servicii de s\u0103n\u0103tate reproductiv\u0103.<\/p>\n<p id=\"p-12\">\u00cen acest context, Parlamentul European avertizeaz\u0103 c\u0103 fondurile UE vor fi suspendate acolo unde sunt constatate \u00eenc\u0103lc\u0103ri ale drepturilor fundamentale.<\/p>\n<h2 id=\"chapter-4\">Mesajul raportorului<\/h2>\n<p id=\"p-13\">Raportorul Konstantinos Arvanitis consider\u0103 c\u0103 adoptarea rezolu\u021biei arat\u0103 un sprijin larg din partea for\u021belor democratice din Parlament.<\/p>\n<p id=\"p-14\">\u201eTextul acoper\u0103 toate domeniile relevante, exprim\u0103 \u00eengrijor\u0103rile noastre \u0219i include propuneri concrete de \u00eembun\u0103t\u0103\u021bire\u201d, a declarat acesta, ad\u0103ug\u00e2nd c\u0103 documentul ar trebui s\u0103 devin\u0103 un reper pentru viitoarele ac\u021biuni privind statul de drept \u00een UE.<\/p>\n","protected":false},"excerpt":{"rendered":"<p>Rezolu\u021bia a fost adoptat\u0103 miercuri \u00een plenul Parlamentului European, dup\u0103 ce a fost analizat raportului Comisiei Europene privind statul de drept din 2025. Ale\u0219ii europeni atrag aten\u021bia c\u0103, \u00een continuare, &hellip; <a href=\"https:\/\/microscopemedia.com\/?p=690015\" class=\"more-link\">Read More<\/a><\/p>\n","protected":false},"author":1,"featured_media":690016,"comment_status":"closed","ping_status":"closed","sticky":false,"template":"Default","format":"standard","meta":[],"categories":[1],"tags":[],"_links":{"self":[{"href":"https:\/\/microscopemedia.com\/index.php?rest_route=\/wp\/v2\/posts\/690015"}],"collection":[{"href":"https:\/\/microscopemedia.com\/index.php?rest_route=\/wp\/v2\/posts"}],"about":[{"href":"https:\/\/microscopemedia.com\/index.php?rest_route=\/wp\/v2\/types\/post"}],"author":[{"embeddable":true,"href":"https:\/\/microscopemedia.com\/index.php?rest_route=\/wp\/v2\/users\/1"}],"replies":[{"embeddable":true,"href":"https:\/\/microscopemedia.com\/index.php?rest_route=%2Fwp%2Fv2%2Fcomments&post=690015"}],"version-history":[{"count":0,"href":"https:\/\/microscopemedia.com\/index.php?rest_route=\/wp\/v2\/posts\/690015\/revisions"}],"wp:featuredmedia":[{"embeddable":true,"href":"https:\/\/microscopemedia.com\/index.php?rest_route=\/wp\/v2\/media\/690016"}],"wp:attachment":[{"href":"https:\/\/microscopemedia.com\/index.php?rest_route=%2Fwp%2Fv2%2Fmedia&parent=690015"}],"wp:term":[{"taxonomy":"category","embeddable":true,"href":"https:\/\/microscopemedia.com\/index.php?rest_route=%2Fwp%2Fv2%2Fcategories&post=690015"},{"taxonomy":"post_tag","embeddable":true,"href":"https:\/\/microscopemedia.com\/index.php?rest_route=%2Fwp%2Fv2%2Ftags&post=690015"}],"curies":[{"name":"wp","href":"https:\/\/api.w.org\/{rel}","templated":true}]}}