{"id":690025,"date":"2026-04-30T05:26:03","date_gmt":"2026-04-30T05:26:03","guid":{"rendered":"https:\/\/microscopemedia.com\/?p=690025"},"modified":"2026-04-30T05:26:03","modified_gmt":"2026-04-30T05:26:03","slug":"magyar-dupa-intalnirea-cu-von-der-leyen-fondurile-ue-vor-incepe-sa-soseasca-in-curand-in-ungaria","status":"publish","type":"post","link":"https:\/\/microscopemedia.com\/?p=690025","title":{"rendered":"Magyar, dup\u0103 \u00eent\u00e2lnirea cu von der Leyen: \u201eFondurile UE vor \u00eencepe s\u0103 soseasc\u0103 \u00een cur\u00e2nd \u00een Ungaria\u201d"},"content":{"rendered":"<div><img decoding=\"async\" src=\"https:\/\/microscopemedia.com\/wp-content\/uploads\/2026\/04\/magyar-dupa-intalnirea-cu-von-der-leyen-fondurile-ue-vor-incepe-sa-soseasca-in-curand-in-ungaria.jpg\" class=\"ff-og-image-inserted\"><\/div>\n<p id=\"p-0\">Viitorul premier al Ungariei, Peter Magyar, a declarat c\u0103 \u201efondurile UE vor ajunge \u00een cur\u00e2nd \u00een Ungaria\u201d, \u00een urma unei \u00eent\u00e2lniri cu pre\u0219edinta Comisiei Europene, Ursula von der Leyen.<\/p>\n<p id=\"p-1\">Cei doi au discutat despre m\u0103surile necesare pentru deblocarea fondurilor UE, care \u00een prezent sunt \u00eenghe\u021bate din cauza preocup\u0103rilor legate de corup\u021bie \u0219i statul de drept din timpul mandatului lui Viktor Orban.<\/p>\n<p id=\"p-2\">Ungaria risc\u0103 s\u0103 piard\u0103 aproximativ 10 miliarde de euro din fondurile UE post-Covid-19 alocate pentru redresarea economiei sale, dac\u0103 Magyar nu va \u00eencheia un acord \u00eenainte de termenul limit\u0103 din luna august.<\/p>\n<h2 id=\"chapter-0\">Magyar: UE nu impune nicio condi\u021bie care ar fi contrar\u0103 intereselor na\u021bionale ale Ungariei<\/h2>\n<p id=\"p-3\">Dup\u0103 \u00eent\u00e2lnirea cu von der Leyen, Magyar a declarat \u00eentr-o postare pe re\u021belele sociale c\u0103 discu\u021biile au fost \u201eextrem de constructive \u0219i productive\u201d \u0219i c\u0103 acesta va reveni la Bruxelles pentru o nou\u0103 \u00eent\u00e2lnire la sf\u00e2r\u0219itul lunii mai, dup\u0103 ce acesta va prelua oficial mandatul de premier al \u021b\u0103rii.<\/p>\n<p id=\"p-4\">\u201eAm convenit ca, \u00een calitate de prim-ministru al Ungariei, s\u0103 m\u0103 \u00eentorc la Bruxelles \u00een s\u0103pt\u0103m\u00e2na din 25 mai pentru a \u00eencheia acordul politic necesar ca Ungaria \u0219i poporul maghiar s\u0103 primeasc\u0103, c\u00e2t mai cur\u00e2nd posibil, fondurile UE la care au dreptul \u2014 \u00een valoare de c\u00e2teva mii de miliarde de forin\u021bi. A\u0219 dori s\u0103 asigur pe toat\u0103 lumea c\u0103 Uniunea European\u0103 nu impune nicio condi\u021bie care ar fi contrar\u0103 intereselor na\u021bionale ale Ungariei. Pe scurt: fondurile UE vor \u00eencepe \u00een cur\u00e2nd s\u0103 soseasc\u0103 \u00een Ungaria, permi\u021b\u00e2ndu-ne s\u0103 relans\u0103m economia maghiar\u0103 \u0219i s\u0103 oferim ceea ce este necesar pentru o \u021bar\u0103 func\u021bional\u0103 \u0219i uman\u0103\u201d, a scris Magyar pe X, dup\u0103 \u00eent\u00e2lnirea cu von der Leyen.<\/p>\n<blockquote class=\"twitter-tweet\" readability=\"12.494623655914\">\n<p dir=\"ltr\" lang=\"en\" id=\"p-5\">I had a highly constructive and productive meeting with the President of the European Commission.<\/p>\n<p id=\"p-6\">We agreed that, as Prime Minister of Hungary, I will return to Brussels in the week of 25 May to conclude the political agreement necessary for Hungary and the Hungarian people to\u2026 <a href=\"https:\/\/t.co\/7J7nThrUeQ\">pic.twitter.com\/7J7nThrUeQ<\/a><\/p>\n<p id=\"p-7\">\u2014 Magyar P\u00e9ter (Ne f\u00e9ljetek) (@magyarpeterMP) <a href=\"https:\/\/twitter.com\/magyarpeterMP\/status\/2049513881790214261?ref_src=twsrc%5Etfw\">April 29, 2026<\/a><\/p>\n<\/blockquote>\n<p id=\"p-9\">Pe de alt\u0103 parte, \u0219i pre\u0219edinta Comisiei Europene a transmis un mesaj prin intermediul unei post\u0103ri pe re\u021belele sociale.<\/p>\n<p id=\"p-10\">\u201eComisia va sprijini eforturile dumneavoastr\u0103 de a aborda aceste probleme \u0219i de a v\u0103 realinia la valorile europene comune. Pentru o Ungarie prosper\u0103 \u00een inima c\u0103minului nostru european comun\u201d, a scris von der Leyen.<\/p>\n<p id=\"p-11\">Peter Magyar va depune jur\u0103m\u00e2ntul \u00een cadrul unei ceremonii care va avea loc la Budapesta pe 9 mai.<\/p>\n","protected":false},"excerpt":{"rendered":"<p>Viitorul premier al Ungariei, Peter Magyar, a declarat c\u0103 \u201efondurile UE vor ajunge \u00een cur\u00e2nd \u00een Ungaria\u201d, \u00een urma unei \u00eent\u00e2lniri cu pre\u0219edinta Comisiei Europene, Ursula von der Leyen. Cei &hellip; <a href=\"https:\/\/microscopemedia.com\/?p=690025\" class=\"more-link\">Read More<\/a><\/p>\n","protected":false},"author":1,"featured_media":690026,"comment_status":"closed","ping_status":"closed","sticky":false,"template":"Default","format":"standard","meta":[],"categories":[1],"tags":[],"_links":{"self":[{"href":"https:\/\/microscopemedia.com\/index.php?rest_route=\/wp\/v2\/posts\/690025"}],"collection":[{"href":"https:\/\/microscopemedia.com\/index.php?rest_route=\/wp\/v2\/posts"}],"about":[{"href":"https:\/\/microscopemedia.com\/index.php?rest_route=\/wp\/v2\/types\/post"}],"author":[{"embeddable":true,"href":"https:\/\/microscopemedia.com\/index.php?rest_route=\/wp\/v2\/users\/1"}],"replies":[{"embeddable":true,"href":"https:\/\/microscopemedia.com\/index.php?rest_route=%2Fwp%2Fv2%2Fcomments&post=690025"}],"version-history":[{"count":0,"href":"https:\/\/microscopemedia.com\/index.php?rest_route=\/wp\/v2\/posts\/690025\/revisions"}],"wp:featuredmedia":[{"embeddable":true,"href":"https:\/\/microscopemedia.com\/index.php?rest_route=\/wp\/v2\/media\/690026"}],"wp:attachment":[{"href":"https:\/\/microscopemedia.com\/index.php?rest_route=%2Fwp%2Fv2%2Fmedia&parent=690025"}],"wp:term":[{"taxonomy":"category","embeddable":true,"href":"https:\/\/microscopemedia.com\/index.php?rest_route=%2Fwp%2Fv2%2Fcategories&post=690025"},{"taxonomy":"post_tag","embeddable":true,"href":"https:\/\/microscopemedia.com\/index.php?rest_route=%2Fwp%2Fv2%2Ftags&post=690025"}],"curies":[{"name":"wp","href":"https:\/\/api.w.org\/{rel}","templated":true}]}}