{"id":690047,"date":"2026-04-30T07:36:03","date_gmt":"2026-04-30T07:36:03","guid":{"rendered":"https:\/\/microscopemedia.com\/?p=690047"},"modified":"2026-04-30T07:36:03","modified_gmt":"2026-04-30T07:36:03","slug":"coreea-de-nord-se-confrunta-cu-o-seceta-neobisnuita-si-severa","status":"publish","type":"post","link":"https:\/\/microscopemedia.com\/?p=690047","title":{"rendered":"Coreea de Nord se confrunt\u0103 cu o secet\u0103 neobi\u0219nuit\u0103 \u0219i sever\u0103"},"content":{"rendered":"<div><img decoding=\"async\" src=\"https:\/\/microscopemedia.com\/wp-content\/uploads\/2026\/04\/coreea-de-nord-se-confrunta-cu-o-seceta-neobisnuita-si-severa.jpg\" class=\"ff-og-image-inserted\"><\/div>\n<p id=\"p-0\">Dezastrele naturale au de obicei un impact mai mare asupra \u021b\u0103rii izolate diplomatic, av\u00e2nd \u00een vedere infrastructura \u0219i economia sa fragile. \u201eO secet\u0103 neobi\u0219nuit\u0103 a persistat recent \u00eentr-o mare parte a \u021b\u0103rii, un fenomen rar \u00eent\u00e2lnit \u00een anii preceden\u021bi\u201d, a declarat KCNA, potrivit <a href=\"https:\/\/www.lefigaro.fr\/international\/la-coree-du-nord-confrontee-a-une-secheresse-inhabituelle-et-grave-selon-l-agence-officielle-20260430\" target=\"_blank\" rel=\"noopener\">Le Figaro<\/a>.<\/p>\n<p id=\"p-1\">\u201eLucr\u0103torii din diferite regiuni \u00ee\u0219i concentreaz\u0103 eforturile pe protejarea culturilor de la \u00eenceputul sezonului de secet\u0103\u201d, a ad\u0103ugat agen\u021bia. \u00centr-un raport separat, KCNA a indicat c\u0103 prim-ministrul Pak Thae Song a efectuat inspec\u021bii pe teren la fermele din provinciile Pyongan de Sud (centrul-vest) \u0219i Hwanghae de Nord (centrul-sud) pentru a discuta \u201econtram\u0103suri pentru a minimiza pagubele provocate de secet\u0103\u201d.<\/p>\n<p id=\"p-2\">El a cerut un inventar complet \u0219i o utilizare eficient\u0103 a tuturor resurselor de ap\u0103 disponibile, ad\u0103ug\u00e2nd c\u0103 o recolt\u0103 reu\u0219it\u0103 depinde de dep\u0103\u0219irea \u201esecetei severe\u201d din acest an. Raportorul special al ONU pentru drepturile omului \u00een Coreea de Nord, Elizabeth Salmon, a declarat \u00een februarie c\u0103 penuria de alimente era deja o preocupare major\u0103 \u00een \u021bar\u0103.<\/p>\n<p id=\"p-3\">Coreea de Sud a \u00eenregistrat cea mai fierbinte var\u0103 \u00eenregistrat\u0103 vreodat\u0103 \u00een 2025. At\u00e2t Coreea de Nord, c\u00e2t \u0219i Coreea de Sud au avut, de asemenea, cele mai fierbin\u021bi luni iunie din istorie. \u00cen ceea ce prive\u0219te Coreea de Nord, \u201eora\u0219ele \u0219i regiunile repar\u0103 \u00een mod responsabil rezervoarele \u0219i vanele r\u00e2urilor, av\u00e2nd \u00een vedere reducerea aprovizion\u0103rii cu ap\u0103 cauzat\u0103 de seceta sever\u0103 \u201d, a relatat KCNA.<\/p>\n<h2 id=\"chapter-0\">Coreea de Nord caut\u0103 solu\u021bii tehnice<\/h2>\n<p id=\"p-4\">De asemenea, sunt implementate m\u0103suri tehnice menite s\u0103 minimizeze pagubele provocate de secet\u0103, inclusiv consolidarea rezisten\u021bei la secet\u0103 a gr\u00e2ului \u0219i orzului \u0219i asigurarea unei cre\u0219teri stabile a culturilor de sezon timpuriu, se adaug\u0103 \u00een comunicat. Coreea de Sud a cunoscut o secet\u0103 prelungit\u0103 anul trecut, care a afectat \u00een special ora\u0219ul de coast\u0103 Gangneung (est). \u00cen aceast\u0103 perioad\u0103, autorit\u0103\u021bile au impus restric\u021bii privind apa, inclusiv \u00eenchiderea a 75% din contoarele de ap\u0103 din gospod\u0103riile ora\u0219ului.<\/p>\n<p id=\"p-5\">Schimb\u0103rile climatice fac ca valurile de c\u0103ldur\u0103 s\u0103 fie mai frecvente \u0219i mai intense, iar exper\u021bii prev\u0103d revenirea fenomenului climatic El Ni\u00f1o \u00een acest an. Acest fenomen poate duce la temperaturi mai ridicate la suprafa\u021b\u0103 \u0219i la secete, \u00een special \u00een centrul \u0219i estul Pacificului ecuatorial. Coreea de Nord sufer\u0103 mult timp de penurie de energie electric\u0103, iar exper\u021bii spun c\u0103 majoritatea locuitorilor nu au aer condi\u021bionat.<\/p>\n","protected":false},"excerpt":{"rendered":"<p>Dezastrele naturale au de obicei un impact mai mare asupra \u021b\u0103rii izolate diplomatic, av\u00e2nd \u00een vedere infrastructura \u0219i economia sa fragile. \u201eO secet\u0103 neobi\u0219nuit\u0103 a persistat recent \u00eentr-o mare parte &hellip; <a href=\"https:\/\/microscopemedia.com\/?p=690047\" class=\"more-link\">Read More<\/a><\/p>\n","protected":false},"author":1,"featured_media":690048,"comment_status":"closed","ping_status":"closed","sticky":false,"template":"Default","format":"standard","meta":[],"categories":[1],"tags":[],"_links":{"self":[{"href":"https:\/\/microscopemedia.com\/index.php?rest_route=\/wp\/v2\/posts\/690047"}],"collection":[{"href":"https:\/\/microscopemedia.com\/index.php?rest_route=\/wp\/v2\/posts"}],"about":[{"href":"https:\/\/microscopemedia.com\/index.php?rest_route=\/wp\/v2\/types\/post"}],"author":[{"embeddable":true,"href":"https:\/\/microscopemedia.com\/index.php?rest_route=\/wp\/v2\/users\/1"}],"replies":[{"embeddable":true,"href":"https:\/\/microscopemedia.com\/index.php?rest_route=%2Fwp%2Fv2%2Fcomments&post=690047"}],"version-history":[{"count":0,"href":"https:\/\/microscopemedia.com\/index.php?rest_route=\/wp\/v2\/posts\/690047\/revisions"}],"wp:featuredmedia":[{"embeddable":true,"href":"https:\/\/microscopemedia.com\/index.php?rest_route=\/wp\/v2\/media\/690048"}],"wp:attachment":[{"href":"https:\/\/microscopemedia.com\/index.php?rest_route=%2Fwp%2Fv2%2Fmedia&parent=690047"}],"wp:term":[{"taxonomy":"category","embeddable":true,"href":"https:\/\/microscopemedia.com\/index.php?rest_route=%2Fwp%2Fv2%2Fcategories&post=690047"},{"taxonomy":"post_tag","embeddable":true,"href":"https:\/\/microscopemedia.com\/index.php?rest_route=%2Fwp%2Fv2%2Ftags&post=690047"}],"curies":[{"name":"wp","href":"https:\/\/api.w.org\/{rel}","templated":true}]}}