{"id":690055,"date":"2026-04-30T08:16:04","date_gmt":"2026-04-30T08:16:04","guid":{"rendered":"https:\/\/microscopemedia.com\/?p=690055"},"modified":"2026-04-30T08:16:04","modified_gmt":"2026-04-30T08:16:04","slug":"bolojan-acuza-ca-psd-joaca-o-dramoleta-administratiile-locale-psd-au-praduit-banul-public-afirma-premierul","status":"publish","type":"post","link":"https:\/\/microscopemedia.com\/?p=690055","title":{"rendered":"Bolojan acuz\u0103 c\u0103 PSD joac\u0103 o \u201edramolet\u0103\u201d. Administra\u021biile locale PSD au \u201epr\u0103duit banul public\u201d, afirm\u0103 premierul"},"content":{"rendered":"<div><img decoding=\"async\" src=\"https:\/\/microscopemedia.com\/wp-content\/uploads\/2026\/04\/bolojan-acuza-ca-psd-joaca-o-dramoleta-administratiile-locale-psd-au-praduit-banul-public-afirma-premierul.jpg\" class=\"ff-og-image-inserted\"><\/div>\n<p id=\"p-0\">Bolojan a precizat c\u0103 de la formarea coali\u021biei, timp de 2 luni, lucrurile au func\u021bionat oarecum normal. Ulterior, a \u00eenceput s\u0103 existe o presiune generat\u0103 de cerin\u021bele UE pentru pachetul de m\u0103suri de corectare a deficitului bugetar.<\/p>\n<p id=\"p-1\"><em>\u201eTreptat, PSD \u2013pentru c\u0103 <span class=\"cursor-pointer group\" title=\"Reda\u021bi \u00eencep\u00e2nd de la 0:35\"><span class=\"group-hover:bg-base-200 rounded p-0.5 -m-0.5\" data-start=\"35170\" data-end=\"45990\">pentru c\u0103 luam m\u0103suri care nu erau populare, care invalidau teoria c\u0103 dac\u0103 ne voteaz\u0103<\/span><\/span>&nbsp;<span class=\"cursor-pointer group\" title=\"Reda\u021bi \u00eencep\u00e2nd de la 0:46\"><span class=\"group-hover:bg-base-200 rounded p-0.5 -m-0.5\" data-start=\"45990\" data-end=\"54110\">cineva pe noi, avem un corn al abunden\u021bei <\/span><\/span><span class=\"cursor-pointer group\" title=\"Reda\u021bi \u00eencep\u00e2nd de la 0:46\"><span class=\"group-hover:bg-base-200 rounded p-0.5 -m-0.5\" data-start=\"45990\" data-end=\"54110\"> din care rezolv\u0103m toate dorin\u021bele cet\u0103\u021benilor; a \u00eenceput s\u0103 joace<\/span><\/span>&nbsp;<\/em><span class=\"cursor-pointer group\" title=\"Reda\u021bi \u00eencep\u00e2nd de la 0:54\"><span class=\"group-hover:bg-base-200 rounded p-0.5 -m-0.5\" data-start=\"54110\" data-end=\"65590\"><em>aceast\u0103 \u00abdramolet\u0103\u00bb de opozi\u021bia din interiorul guvern\u0103rii\u201d<\/em>, a declarat Bolojan.&nbsp;<\/span><\/span><\/p>\n<p id=\"p-2\"><em><span class=\"cursor-pointer group\" title=\"Reda\u021bi \u00eencep\u00e2nd de la 0:54\"><span class=\"group-hover:bg-base-200 rounded p-0.5 -m-0.5\" data-start=\"54110\" data-end=\"65590\">\u201eS\u0103 fie la guvernare de diminea\u021b\u0103, la pr\u00e2nz s\u0103 relateze<\/span><\/span>&nbsp;<span class=\"cursor-pointer group\" title=\"Reda\u021bi \u00eencep\u00e2nd de la 1:06\"><span class=\"group-hover:bg-base-200 rounded p-0.5 -m-0.5\" data-start=\"65890\" data-end=\"74250\">de la \u0219edin\u021be lucruri care nu s-au \u00eent\u00e2mplat sau lucruri care s-au \u00eent\u00e2mplat diferit, dar \u00eencerc\u00e2nd s\u0103 arunce<\/span><\/span>&nbsp;<\/em><span class=\"cursor-pointer group\" title=\"Reda\u021bi \u00eencep\u00e2nd de la 1:14\"><span class=\"group-hover:bg-base-200 rounded p-0.5 -m-0.5\" data-start=\"74250\" data-end=\"86650\"><em>vina \u0219i s\u0103 identifice un vinovat \u00eentr-o \u0219edin\u021b\u0103 \u0219i s\u0103 pozeze \u00een cei care s-au opus \u00een spa\u021biu public\u201d<\/em>, explic\u0103 Bolojan.&nbsp; &nbsp;<\/span><\/span><\/p>\n<p id=\"p-3\"><em><span class=\"cursor-pointer group\" title=\"Reda\u021bi \u00eencep\u00e2nd de la 1:14\"><span class=\"group-hover:bg-base-200 rounded p-0.5 -m-0.5\" data-start=\"74250\" data-end=\"86650\">Asta a fost o evolu\u021bie,<\/span><\/span>&nbsp;<span class=\"cursor-pointer group\" title=\"Reda\u021bi \u00eencep\u00e2nd de la 1:28\"><span class=\"group-hover:bg-base-200 rounded p-0.5 -m-0.5\" data-start=\"87650\" data-end=\"96410\">calcul\u00e2nd, probabil, c\u0103-\u0219i pot recupera electorii, c\u0103 pot trece peste situa\u021bia dificil\u0103 \u00een care conducerile PSD au adus \u00een Rom\u00e2nia<\/span><\/span>&nbsp;<\/em><span class=\"cursor-pointer group\" title=\"Reda\u021bi \u00eencep\u00e2nd de la 1:36\"><span class=\"group-hover:bg-base-200 rounded p-0.5 -m-0.5\" data-start=\"96410\" data-end=\"111550\"><em>\u0219i acest partid \u00een 2024-2025, dar acest lucru n-a reu\u0219it\u201d<\/em>, a declarat premierul Ilie Bolojan.&nbsp;<\/span><\/span><\/p>\n<p id=\"p-4\">Premierul a mai precizat c\u0103 ani de zile, bugetul de stat a fost folosit \u201eca o pu\u0219culi\u021b\u0103 de administra\u021bii neperformante, \u0219i oameni care, <span class=\"cursor-pointer group\" title=\"Reda\u021bi \u00eencep\u00e2nd de la 2:23\"><span class=\"group-hover:bg-base-200 rounded p-0.5 -m-0.5\" data-start=\"143030\" data-end=\"155410\">\u00een jude\u021bele lor func\u021bioneaz\u0103 ca ni\u0219te jup\u00e2ni au crezut c\u0103 vechile obiceiuri de a suna, de a-\u0219i rezolva incompeten\u021ba, ineficien\u021ba<\/span><\/span>&nbsp;<span class=\"cursor-pointer group\" title=\"Reda\u021bi \u00eencep\u00e2nd de la 2:35\"><span class=\"group-hover:bg-base-200 rounded p-0.5 -m-0.5\" data-start=\"155410\" data-end=\"163210\">prin aloc\u0103ri direc\u021bionate de la bugetul de stat, va func\u021biona \u0219i mai departe\u201d.&nbsp;<\/span><\/span><\/p>\n<p id=\"p-5\">Bolojan sus\u021bine \u0219i c\u0103 Guvernul a \u00eencercat s\u0103 opreasc\u0103 pr\u0103duirea banului public, s\u0103 ia m\u0103suri pentru combaterea evaziunii fiscale, eliminarea risipei \u0219i a pierderilor din companiile de stat, pentru a permite, spre exemplu, accesul <span class=\"cursor-pointer group\" title=\"Reda\u021bi \u00eencep\u00e2nd de la 3:35\"><span class=\"group-hover:bg-base-200 rounded p-0.5 -m-0.5\" data-start=\"214930\" data-end=\"225330\">produc\u0103torilor de energie \u00een sistemul na\u021bional.&nbsp;<\/span><\/span><\/p>\n<p id=\"p-6\">Premierul a precizat: \u201eNu<span class=\"cursor-pointer group\" title=\"Reda\u021bi \u00eencep\u00e2nd de la 3:35\"><span class=\"group-hover:bg-base-200 rounded p-0.5 -m-0.5\" data-start=\"214930\" data-end=\"225330\">&nbsp;po\u021bi sc\u0103dea pre\u021bul la energie dac\u0103 nu ai mai mult\u0103 produc\u021bie \u0219i, dintr-un pre\u021b mare<\/span><\/span>&nbsp;<span class=\"cursor-pointer group\" title=\"Reda\u021bi \u00eencep\u00e2nd de la 3:45\"><span class=\"group-hover:bg-base-200 rounded p-0.5 -m-0.5\" data-start=\"225330\" data-end=\"236730\">al energiei, nu pierd to\u021bi. <\/span><\/span><span class=\"cursor-pointer group\" title=\"Reda\u021bi \u00eencep\u00e2nd de la 3:45\"><span class=\"group-hover:bg-base-200 rounded p-0.5 -m-0.5\" data-start=\"225330\" data-end=\"236730\">Pierde agentul economic, firma rom\u00e2neasc\u0103, la competitivitate, pierde cet\u0103\u021beanul, dar cei care sunt \u00een aceste zone<\/span><\/span>&nbsp;<span class=\"cursor-pointer group\" title=\"Reda\u021bi \u00eencep\u00e2nd de la 3:57\"><span class=\"group-hover:bg-base-200 rounded p-0.5 -m-0.5\" data-start=\"236730\" data-end=\"252170\">au c\u00e2\u0219tiguri importante. <\/span><\/span><\/p>\n<p id=\"p-7\"><em><span class=\"cursor-pointer group\" title=\"Reda\u021bi \u00eencep\u00e2nd de la 3:57\"><span class=\"group-hover:bg-base-200 rounded p-0.5 -m-0.5\" data-start=\"236730\" data-end=\"252170\">\u201eOri, toate aceste lucruri ne-au dus \u00een aceast\u0103 situa\u021bie \u0219i, practic, nu mai puteam s\u0103 avem ni\u0219te sigle c\u0103 facem lucrurile<\/span><\/span>&nbsp;<\/em><span class=\"cursor-pointer group\" title=\"Reda\u021bi \u00eencep\u00e2nd de la 4:12\"><span class=\"group-hover:bg-base-200 rounded p-0.5 -m-0.5\" data-start=\"252170\" data-end=\"268330\"><em>\u00eentr-un anume fel, iar \u00een interior s\u0103 avem ni\u0219te comportamente total diferite\u201d<\/em>, a explicat premierul Ilie Bolojan.&nbsp;<\/span><\/span><\/p>\n<p id=\"p-8\">Reamintim c\u0103 PSD \u0219i AUR au ini\u021biat o mo\u021biune de cenzur\u0103 \u00eempotriva Guvernului Bolojan. Aceasta a fost prezentat\u0103 \u00een parlament, miercuri, \u0219i urmeaz\u0103 s\u0103 fie votat\u0103 mar\u021bi, 5 mai.<\/p>\n","protected":false},"excerpt":{"rendered":"<p>Bolojan a precizat c\u0103 de la formarea coali\u021biei, timp de 2 luni, lucrurile au func\u021bionat oarecum normal. Ulterior, a \u00eenceput s\u0103 existe o presiune generat\u0103 de cerin\u021bele UE pentru pachetul &hellip; <a href=\"https:\/\/microscopemedia.com\/?p=690055\" class=\"more-link\">Read More<\/a><\/p>\n","protected":false},"author":1,"featured_media":690056,"comment_status":"closed","ping_status":"closed","sticky":false,"template":"Default","format":"standard","meta":[],"categories":[1],"tags":[],"_links":{"self":[{"href":"https:\/\/microscopemedia.com\/index.php?rest_route=\/wp\/v2\/posts\/690055"}],"collection":[{"href":"https:\/\/microscopemedia.com\/index.php?rest_route=\/wp\/v2\/posts"}],"about":[{"href":"https:\/\/microscopemedia.com\/index.php?rest_route=\/wp\/v2\/types\/post"}],"author":[{"embeddable":true,"href":"https:\/\/microscopemedia.com\/index.php?rest_route=\/wp\/v2\/users\/1"}],"replies":[{"embeddable":true,"href":"https:\/\/microscopemedia.com\/index.php?rest_route=%2Fwp%2Fv2%2Fcomments&post=690055"}],"version-history":[{"count":0,"href":"https:\/\/microscopemedia.com\/index.php?rest_route=\/wp\/v2\/posts\/690055\/revisions"}],"wp:featuredmedia":[{"embeddable":true,"href":"https:\/\/microscopemedia.com\/index.php?rest_route=\/wp\/v2\/media\/690056"}],"wp:attachment":[{"href":"https:\/\/microscopemedia.com\/index.php?rest_route=%2Fwp%2Fv2%2Fmedia&parent=690055"}],"wp:term":[{"taxonomy":"category","embeddable":true,"href":"https:\/\/microscopemedia.com\/index.php?rest_route=%2Fwp%2Fv2%2Fcategories&post=690055"},{"taxonomy":"post_tag","embeddable":true,"href":"https:\/\/microscopemedia.com\/index.php?rest_route=%2Fwp%2Fv2%2Ftags&post=690055"}],"curies":[{"name":"wp","href":"https:\/\/api.w.org\/{rel}","templated":true}]}}