{"id":690057,"date":"2026-04-30T08:26:04","date_gmt":"2026-04-30T08:26:04","guid":{"rendered":"https:\/\/microscopemedia.com\/?p=690057"},"modified":"2026-04-30T08:26:04","modified_gmt":"2026-04-30T08:26:04","slug":"ilie-bolojan-avertizeaza-pnl-risca-soarta-pntcd-sau-alde-daca-devine-anexa-psd","status":"publish","type":"post","link":"https:\/\/microscopemedia.com\/?p=690057","title":{"rendered":"Ilie Bolojan avertizeaz\u0103: PNL risc\u0103 soarta PN\u021aCD sau ALDE dac\u0103 devine \u201eanexa\u201d PSD"},"content":{"rendered":"<div><img decoding=\"async\" src=\"https:\/\/microscopemedia.com\/wp-content\/uploads\/2026\/04\/ilie-bolojan-avertizeaza-pnl-risca-soarta-pntcd-sau-alde-daca-devine-anexa-psd.jpg\" class=\"ff-og-image-inserted\"><\/div>\n<p id=\"p-0\"><span>\u201ePartidul Social Democrat, conducerea sai, ca s\u0103 poat\u0103 s\u0103-\u0219i fac\u0103 manevrele parlamentare, deci de un partid de tip anex\u0103\u201d, spune Ilie Bolojan, joi, la Rock FM.&nbsp;<\/span><\/p>\n<p id=\"p-1\"><span>Liderul liberal a criticat parcursul PNL din ultimii ani, sus\u021bin\u00e2nd c\u0103 identitatea politic\u0103 a forma\u021biunii a fost diluat\u0103 ca urmare a asocierii cu PSD.&nbsp;<\/span><\/p>\n<p id=\"p-2\"><span>\u201eTrebuie s\u0103 recunoa\u0219tem c\u0103 PNL \u00een anii trecu\u021bi, prin asocierea cu PSD mul\u021bi ani \u00een guvernare \u0219i-a pierdut profilul, a uitat de multe ori pe cine reprezint\u0103 \u0219i a pierdut \u00eencrederea cet\u0103\u021benilor dovad\u0103 rezultatele la vot\u201d, explic\u0103 Ilie Bolojan.&nbsp;<\/span><\/p>\n<p id=\"p-3\"><span>Pre\u0219edintele PNL a spus c\u0103 interven\u021biile externe \u00een conducerea unui partid sau stabilirea deciziilor \u00een afara structurilor interne reprezint\u0103 ultimul pas spre a deveni \u201eanex\u0103\u201d, avertiz\u00e2nd c\u0103 o astfel de situa\u021bie ar putea duce Partidul Na\u021bional Liberal \u00een zona de irelevan\u021b\u0103.&nbsp;<\/span><\/p>\n<p id=\"p-4\"><span>\u201eDecapitarea unui partid sau \u00een momentul \u00een care stabile\u0219ti conducerea unui partid \u00een alte sedii dec\u00e2t \u00een sediul acelui partid \u00eenseamn\u0103 c\u0103 acel partid devine un partid anex\u0103, un partid de tip balama, iar Partidul Na\u021bional Liberal, dac\u0103 nu \u0219i-a \u00eenv\u0103\u021bat lec\u021bia \u0219i ar accepta o atare situa\u021bie, ar scrie pe el PN\u021aCD sau ALDE\u201d, a declarat Ilie Bolojan.<\/span><\/p>\n","protected":false},"excerpt":{"rendered":"<p>\u201ePartidul Social Democrat, conducerea sai, ca s\u0103 poat\u0103 s\u0103-\u0219i fac\u0103 manevrele parlamentare, deci de un partid de tip anex\u0103\u201d, spune Ilie Bolojan, joi, la Rock FM.&nbsp; Liderul liberal a criticat &hellip; <a href=\"https:\/\/microscopemedia.com\/?p=690057\" class=\"more-link\">Read More<\/a><\/p>\n","protected":false},"author":1,"featured_media":690058,"comment_status":"closed","ping_status":"closed","sticky":false,"template":"Default","format":"standard","meta":[],"categories":[1],"tags":[],"_links":{"self":[{"href":"https:\/\/microscopemedia.com\/index.php?rest_route=\/wp\/v2\/posts\/690057"}],"collection":[{"href":"https:\/\/microscopemedia.com\/index.php?rest_route=\/wp\/v2\/posts"}],"about":[{"href":"https:\/\/microscopemedia.com\/index.php?rest_route=\/wp\/v2\/types\/post"}],"author":[{"embeddable":true,"href":"https:\/\/microscopemedia.com\/index.php?rest_route=\/wp\/v2\/users\/1"}],"replies":[{"embeddable":true,"href":"https:\/\/microscopemedia.com\/index.php?rest_route=%2Fwp%2Fv2%2Fcomments&post=690057"}],"version-history":[{"count":0,"href":"https:\/\/microscopemedia.com\/index.php?rest_route=\/wp\/v2\/posts\/690057\/revisions"}],"wp:featuredmedia":[{"embeddable":true,"href":"https:\/\/microscopemedia.com\/index.php?rest_route=\/wp\/v2\/media\/690058"}],"wp:attachment":[{"href":"https:\/\/microscopemedia.com\/index.php?rest_route=%2Fwp%2Fv2%2Fmedia&parent=690057"}],"wp:term":[{"taxonomy":"category","embeddable":true,"href":"https:\/\/microscopemedia.com\/index.php?rest_route=%2Fwp%2Fv2%2Fcategories&post=690057"},{"taxonomy":"post_tag","embeddable":true,"href":"https:\/\/microscopemedia.com\/index.php?rest_route=%2Fwp%2Fv2%2Ftags&post=690057"}],"curies":[{"name":"wp","href":"https:\/\/api.w.org\/{rel}","templated":true}]}}