{"id":690075,"date":"2026-04-30T10:36:04","date_gmt":"2026-04-30T10:36:04","guid":{"rendered":"https:\/\/microscopemedia.com\/?p=690075"},"modified":"2026-04-30T10:36:04","modified_gmt":"2026-04-30T10:36:04","slug":"activistul-pro-democratie-din-hong-kong-jimmy-lai-aflat-in-inchisoare-a-castigat-un-premiu-pentru-libertatea-de-exprimare-in-germania","status":"publish","type":"post","link":"https:\/\/microscopemedia.com\/?p=690075","title":{"rendered":"Activistul pro-democra\u021bie din Hong Kong, Jimmy Lai, aflat \u00een \u00eenchisoare, a c\u00e2\u0219tigat un premiu pentru libertatea de exprimare \u00een Germania"},"content":{"rendered":"<div><img decoding=\"async\" src=\"https:\/\/microscopemedia.com\/wp-content\/uploads\/2026\/04\/activistul-pro-democratie-din-hong-kong-jimmy-lai-aflat-in-inchisoare-a-castigat-un-premiu-pentru-libertatea-de-exprimare-in-germania.webp\" class=\"ff-og-image-inserted\"><\/div>\n<p id=\"p-0\">Postul public de televiziune german a anun\u021bat joi c\u0103 lui Lai i se va \u00eenm\u00e2na \u00een lips\u0103 cea de-a 12-a edi\u021bie a premiului pe 23 iunie, la DW Global Media Forum din Bonn, potrivit <a href=\"https:\/\/www.theguardian.com\/world\/2026\/apr\/30\/jailed-hong-kong-pro-democracy-activist-jimmy-lai-wins-freedom-of-speech-award-in-germany\" target=\"_blank\" rel=\"noopener\">The Guardian<\/a>.<\/p>\n<p id=\"p-1\">Directorul general al Deutsche Welle, Barbara Massing, l-a l\u0103udat pe fondatorul \u00een v\u00e2rst\u0103 de 78 de ani al publica\u021biei de \u0219tiri Apple Daily, acum \u00eenchis\u0103, pentru c\u0103 a ap\u0103rat \u201eneclintit libertatea presei \u00een Hong Kong, cu un mare risc personal\u201d.<\/p>\n<p id=\"p-2\">\u201eCu Apple Daily, el le-a oferit jurnali\u0219tilor o platform\u0103 pentru reportaje libere \u0219i o voce mi\u0219c\u0103rii pentru democra\u021bie din Hong Kong\u201d, a spus ea. \u201eAngajamentul s\u0103u ne aminte\u0219te c\u0103 libertatea presei nu este niciodat\u0103 garantat\u0103 \u2013 trebuie ap\u0103rat\u0103 \u00een permanen\u021b\u0103. Prin premiul DW pentru libertatea de exprimare, onor\u0103m dedicarea sa indispensabil\u0103 fa\u021b\u0103 de valorile democratice.\u201d<\/p>\n<h2 id=\"chapter-0\">Activistul, printre cei mai vocali sus\u021bin\u0103tori ai democra\u021biei din Hong Kong<\/h2>\n<p id=\"p-3\">Lai, cet\u0103\u021bean britanic, a fost unul dintre cei mai proeminen\u021bi \u0219i vocali sus\u021bin\u0103tori ai democra\u021biei din Hong Kong \u00eenainte de \u00eencarcerarea sa . El a oferit sprijin financiar partidelor democratice \u0219i politicienilor \u0219i a participat la proteste de mas\u0103 \u00eempotriva regimului de la Beijing \u00een 2019 \u0219i 2020.<\/p>\n<p id=\"p-4\">Autorit\u0103\u021bile l-au arestat pe Lai \u00een 2020, acuz\u00e2ndu-l c\u0103 folose\u0219te <a href=\"https:\/\/www.mediafax.ro\/stirile-zilei\/jimmy-lai-magnatul-media-din-hong-kong-nu-va-face-apel-impotriva-condamnarii-la-20-de-ani-de-inchisoare-23698311\" target=\"_blank\" rel=\"noopener\">Apple Daily \u0219i conexiunile sale politice<\/a> pentru a face lobby pe l\u00e2ng\u0103 guvernele str\u0103ine pentru a impune sanc\u021biuni Chinei \u0219i Hong Kong-ului.<\/p>\n<p id=\"p-5\">Un tribunal din Hong Kong l-a condamnat la 20 de ani de \u00eenchisoare \u00een februarie, sub acuza\u021biile de \u201econspira\u021bie \u00een vederea colabor\u0103rii cu for\u021be str\u0103ine\u201d \u0219i publicare de \u201emateriale sedi\u021bioase\u201d. El a fost condamnat \u00een temeiul legii draconice privind securitatea na\u021bional\u0103 a ora\u0219ului, impus\u0103 de Partidul Comunist Chinez \u00een 2020.<\/p>\n","protected":false},"excerpt":{"rendered":"<p>Postul public de televiziune german a anun\u021bat joi c\u0103 lui Lai i se va \u00eenm\u00e2na \u00een lips\u0103 cea de-a 12-a edi\u021bie a premiului pe 23 iunie, la DW Global Media &hellip; <a href=\"https:\/\/microscopemedia.com\/?p=690075\" class=\"more-link\">Read More<\/a><\/p>\n","protected":false},"author":1,"featured_media":690076,"comment_status":"closed","ping_status":"closed","sticky":false,"template":"Default","format":"standard","meta":[],"categories":[1],"tags":[],"_links":{"self":[{"href":"https:\/\/microscopemedia.com\/index.php?rest_route=\/wp\/v2\/posts\/690075"}],"collection":[{"href":"https:\/\/microscopemedia.com\/index.php?rest_route=\/wp\/v2\/posts"}],"about":[{"href":"https:\/\/microscopemedia.com\/index.php?rest_route=\/wp\/v2\/types\/post"}],"author":[{"embeddable":true,"href":"https:\/\/microscopemedia.com\/index.php?rest_route=\/wp\/v2\/users\/1"}],"replies":[{"embeddable":true,"href":"https:\/\/microscopemedia.com\/index.php?rest_route=%2Fwp%2Fv2%2Fcomments&post=690075"}],"version-history":[{"count":0,"href":"https:\/\/microscopemedia.com\/index.php?rest_route=\/wp\/v2\/posts\/690075\/revisions"}],"wp:featuredmedia":[{"embeddable":true,"href":"https:\/\/microscopemedia.com\/index.php?rest_route=\/wp\/v2\/media\/690076"}],"wp:attachment":[{"href":"https:\/\/microscopemedia.com\/index.php?rest_route=%2Fwp%2Fv2%2Fmedia&parent=690075"}],"wp:term":[{"taxonomy":"category","embeddable":true,"href":"https:\/\/microscopemedia.com\/index.php?rest_route=%2Fwp%2Fv2%2Fcategories&post=690075"},{"taxonomy":"post_tag","embeddable":true,"href":"https:\/\/microscopemedia.com\/index.php?rest_route=%2Fwp%2Fv2%2Ftags&post=690075"}],"curies":[{"name":"wp","href":"https:\/\/api.w.org\/{rel}","templated":true}]}}