{"id":690079,"date":"2026-04-30T10:56:03","date_gmt":"2026-04-30T10:56:03","guid":{"rendered":"https:\/\/microscopemedia.com\/?p=690079"},"modified":"2026-04-30T10:56:03","modified_gmt":"2026-04-30T10:56:03","slug":"update-proiectul-de-lege-privind-cumulul-pensie-salariu-la-stat-a-fost-adoptat-de-guvern-intr-o-sedinta-extraordinara","status":"publish","type":"post","link":"https:\/\/microscopemedia.com\/?p=690079","title":{"rendered":"UPDATE. Proiectul de lege privind cumulul pensie-salariu la stat a fost adoptat de Guvern, \u00eentr-o \u0219edin\u021b\u0103 extraordinar\u0103"},"content":{"rendered":"<div><img decoding=\"async\" src=\"https:\/\/microscopemedia.com\/wp-content\/uploads\/2026\/04\/update-proiectul-de-lege-privind-cumulul-pensie-salariu-la-stat-a-fost-adoptat-de-guvern-intr-o-sedinta-extraordinara.jpg\" class=\"ff-og-image-inserted\"><\/div>\n<h2 id=\"chapter-0\">UPDATE Proiectul de lege privind interdic\u021bia cumulului pensie-salariu a fost adoptat de Guvern<\/h2>\n<p id=\"p-0\"><span class=\"cursor-pointer group\" title=\"Reda\u021bi \u00eencep\u00e2nd de la 0:35\"><span class=\"group-hover:bg-base-200 rounded p-0.5 -m-0.5\" data-start=\"35060\" data-end=\"39320\">Dup\u0103 \u0219edin\u021ba extraordinar\u0103 de Guvern, premierul Ilie Bolojan a f\u0103cut c\u00e2teva declara\u021bii de pres\u0103 \u00een privin\u021ba acestui proiect de lege care a fost adoptat joi. \u0218eful executivului a anun\u021bat c\u0103 proiectul de lege va fi trimis Parlamentului \u0219i <strong>va solicita ca acesta s\u0103 fie adoptat \u00een procedur\u0103 de urgen\u021b\u0103.&nbsp;<\/strong><\/span><\/span><\/p>\n<p id=\"p-1\"><span class=\"cursor-pointer group\" title=\"Reda\u021bi \u00eencep\u00e2nd de la 0:35\"><span class=\"group-hover:bg-base-200 rounded p-0.5 -m-0.5\" data-start=\"35060\" data-end=\"39320\">\u201eAm avut ast\u0103zi o \u0219edin\u021b\u0103 extraordinar\u0103<\/span><\/span>&nbsp;<span class=\"cursor-pointer group\" title=\"Reda\u021bi \u00eencep\u00e2nd de la 0:39\"><span class=\"group-hover:bg-base-200 rounded p-0.5 -m-0.5\" data-start=\"39320\" data-end=\"42560\">\u00een care pe ordinea de zi au fost dou\u0103 puncte importante.<\/span><\/span>&nbsp;<span class=\"cursor-pointer group\" title=\"Reda\u021bi \u00eencep\u00e2nd de la 0:44\"><span class=\"group-hover:bg-base-200 rounded p-0.5 -m-0.5\" data-start=\"43700\" data-end=\"48060\">Primul punct este proiectul de lege privind interdic\u021bia<\/span><\/span>&nbsp;<span class=\"cursor-pointer group\" title=\"Reda\u021bi \u00eencep\u00e2nd de la 0:48\"><span class=\"group-hover:bg-base-200 rounded p-0.5 -m-0.5\" data-start=\"48060\" data-end=\"52820\">cumulului pensiilor speciale cu salariul \u00een administra\u021bia public\u0103 din Rom\u00e2nia. <\/span><\/span><span class=\"cursor-pointer group\" title=\"Reda\u021bi \u00eencep\u00e2nd de la 0:54\"><span class=\"group-hover:bg-base-200 rounded p-0.5 -m-0.5\" data-start=\"53820\" data-end=\"56240\">Acest proiect de lege va fi trimis Parlamentului<\/span><\/span>&nbsp;<span class=\"cursor-pointer group\" title=\"Reda\u021bi \u00eencep\u00e2nd de la 0:56\"><span class=\"group-hover:bg-base-200 rounded p-0.5 -m-0.5\" data-start=\"56240\" data-end=\"60400\">cu solicitarea s\u0103 fie adoptat \u00een procedur\u0103 de urgen\u021b\u0103<\/span><\/span>&nbsp;<span class=\"cursor-pointer group\" title=\"Reda\u021bi \u00eencep\u00e2nd de la 1:00\"><span class=\"group-hover:bg-base-200 rounded p-0.5 -m-0.5\" data-start=\"60400\" data-end=\"64400\">\u00een a\u0219a fel \u00eenc\u00e2t s\u0103 rezolv\u0103m o problem\u0103 care \u021bine de echitate,<\/span><\/span>&nbsp;<span class=\"cursor-pointer group\" title=\"Reda\u021bi \u00eencep\u00e2nd de la 1:05\"><span class=\"group-hover:bg-base-200 rounded p-0.5 -m-0.5\" data-start=\"65140\" data-end=\"68240\">o problem\u0103 care \u021bine de economii \u00een sectorul public<\/span><\/span>&nbsp;<span class=\"cursor-pointer group\" title=\"Reda\u021bi \u00eencep\u00e2nd de la 1:08\"><span class=\"group-hover:bg-base-200 rounded p-0.5 -m-0.5\" data-start=\"68240\" data-end=\"71980\">\u0219i, de asemenea, una care \u021bine de posibilitatea de a cre\u0219te<\/span><\/span>&nbsp;<span class=\"cursor-pointer group\" title=\"Reda\u021bi \u00eencep\u00e2nd de la 1:12\"><span class=\"group-hover:bg-base-200 rounded p-0.5 -m-0.5\" data-start=\"71980\" data-end=\"76620\">\u00een cursul anului viitor, \u00eentr-o anvelop\u0103 rezonabil\u0103,<\/span><\/span>&nbsp;<span class=\"cursor-pointer group\" title=\"Reda\u021bi \u00eencep\u00e2nd de la 1:17\"><span class=\"group-hover:bg-base-200 rounded p-0.5 -m-0.5\" data-start=\"76840\" data-end=\"78100\">salariile \u00een sectorul public\u201d, a spus Bolojan.&nbsp;<\/span><\/span><\/p>\n<h2 id=\"chapter-1\">\u0218tirea ini\u021bial\u0103:<\/h2>\n<p id=\"p-2\">Proiectul de lege privind unele m\u0103suri aplicabile func\u0163ionarilor publici \u015fi personalului contractual pl\u0103tit din fonduri publice, respectiv cumulul pensie-salariu \u00een sectorul public, va fi adoptat joi, de Guvern, \u00eentr-o \u0219edin\u021b\u0103 extraordinar\u0103.<\/p>\n<p id=\"p-3\">Anun\u021bul a fost f\u0103cut miercuri de purt\u0103toarea de cuv\u00e2nt a Executivului, Ioana Nadina Dogioiu, \u00een cadrul unei conferin\u021be de pres\u0103.<\/p>\n<p id=\"p-4\">Aceasta a explicat faptul c\u0103 proiectul de lege a fost inclus pe ordinea de zi a \u015fedin\u0163ei de miercuri, \u00eens\u0103 mai avea nevoie de avizul Consiliului Legislativ.<\/p>\n<p id=\"p-5\">\u201eEl va veni m\u00e2ine (joi \u2013 n.r.) diminea\u021b\u0103, la ora 09.00\u201309.30, dup\u0103 care proiectul de lege va fi adoptat. Deci e doar o mic\u0103 \u00eent\u00e2rziere\u201d, a explicat Dogioiu.<\/p>\n<p id=\"p-6\">La sf\u00e2r\u0219itul lunii martie, premierul Ilie Bolojan afirma, \u00een cadrul unei interven\u021bii televizate, c\u0103 proiectul de lege privind cumulul pensie-salariu la stat este finalizat \u0219i c\u0103 a\u0219tepta avizul Consiliului Superior al Magistraturii \u00een termen de 30 de zile.<\/p>\n<p id=\"p-7\">La momentul respectiv, premierul a ad\u0103ugat c\u0103 efectul acestei legi ar trebui s\u0103 fie ca \u201eori cei care cumuleaz\u0103 pensia \u015fi salariul s\u0103 renun\u0163e la 85% din pensie, dac\u0103 vor s\u0103 lucreze \u00een continuare, sau s\u0103 renun\u0163e la locul de munc\u0103 de la stat\u201d.<\/p>\n","protected":false},"excerpt":{"rendered":"<p>UPDATE Proiectul de lege privind interdic\u021bia cumulului pensie-salariu a fost adoptat de Guvern Dup\u0103 \u0219edin\u021ba extraordinar\u0103 de Guvern, premierul Ilie Bolojan a f\u0103cut c\u00e2teva declara\u021bii de pres\u0103 \u00een privin\u021ba acestui &hellip; <a href=\"https:\/\/microscopemedia.com\/?p=690079\" class=\"more-link\">Read More<\/a><\/p>\n","protected":false},"author":1,"featured_media":690080,"comment_status":"closed","ping_status":"closed","sticky":false,"template":"Default","format":"standard","meta":[],"categories":[1],"tags":[],"_links":{"self":[{"href":"https:\/\/microscopemedia.com\/index.php?rest_route=\/wp\/v2\/posts\/690079"}],"collection":[{"href":"https:\/\/microscopemedia.com\/index.php?rest_route=\/wp\/v2\/posts"}],"about":[{"href":"https:\/\/microscopemedia.com\/index.php?rest_route=\/wp\/v2\/types\/post"}],"author":[{"embeddable":true,"href":"https:\/\/microscopemedia.com\/index.php?rest_route=\/wp\/v2\/users\/1"}],"replies":[{"embeddable":true,"href":"https:\/\/microscopemedia.com\/index.php?rest_route=%2Fwp%2Fv2%2Fcomments&post=690079"}],"version-history":[{"count":0,"href":"https:\/\/microscopemedia.com\/index.php?rest_route=\/wp\/v2\/posts\/690079\/revisions"}],"wp:featuredmedia":[{"embeddable":true,"href":"https:\/\/microscopemedia.com\/index.php?rest_route=\/wp\/v2\/media\/690080"}],"wp:attachment":[{"href":"https:\/\/microscopemedia.com\/index.php?rest_route=%2Fwp%2Fv2%2Fmedia&parent=690079"}],"wp:term":[{"taxonomy":"category","embeddable":true,"href":"https:\/\/microscopemedia.com\/index.php?rest_route=%2Fwp%2Fv2%2Fcategories&post=690079"},{"taxonomy":"post_tag","embeddable":true,"href":"https:\/\/microscopemedia.com\/index.php?rest_route=%2Fwp%2Fv2%2Ftags&post=690079"}],"curies":[{"name":"wp","href":"https:\/\/api.w.org\/{rel}","templated":true}]}}