{"id":690083,"date":"2026-04-30T11:26:03","date_gmt":"2026-04-30T11:26:03","guid":{"rendered":"https:\/\/microscopemedia.com\/?p=690083"},"modified":"2026-04-30T11:26:03","modified_gmt":"2026-04-30T11:26:03","slug":"dragos-pislaru-ai-nevoie-sa-eliberezi-aceste-posturi-vacante-si-sa-le-scoti-la-concurs-pentru-a-putea-intineri-administratia","status":"publish","type":"post","link":"https:\/\/microscopemedia.com\/?p=690083","title":{"rendered":"Drago\u0219 P\u00eeslaru: ai nevoie s\u0103 eliberezi aceste posturi vacante\u00a0\u0219i s\u0103 le sco\u021bi la concurs pentru a putea \u00eentineri administra\u021bia"},"content":{"rendered":"<div><img decoding=\"async\" src=\"https:\/\/microscopemedia.com\/wp-content\/uploads\/2026\/04\/dragos-pislaru-ai-nevoie-sa-eliberezi-aceste-posturi-vacante-si-sa-le-scoti-la-concurs-pentru-a-putea-intineri-administratia.jpg\" class=\"ff-og-image-inserted\"><\/div>\n<p id=\"p-0\"><span class=\"cursor-pointer group\" title=\"Reda\u021bi \u00eencep\u00e2nd de la 0:04\"><span class=\"group-hover:bg-base-200 rounded p-0.5 -m-0.5\" data-start=\"3520\" data-end=\"9640\">Ministrul interimar al Muncii, Drago\u0219 P\u00eeslaru sus\u021bine \u00eentinerirea aparatului administrativ prin \u00eencadrarea de debutan\u021bi pe posturile l\u0103sate vacante de cei care \u00een prezent cumuleaz\u0103 pensia cu salariul \u00een sistemul public. \u201eIdeea este, \u00een general, de a reconverti posturile vacante pentru zona de debutan\u021bi.<\/span><\/span>&nbsp;<span class=\"cursor-pointer group\" title=\"Reda\u021bi \u00eencep\u00e2nd de la 0:10\"><span class=\"group-hover:bg-base-200 rounded p-0.5 -m-0.5 bg-primary\/25 transition-all duration-200\" data-start=\"9860\" data-end=\"12960\" data-active>Administra\u021bia public\u0103 \u00een Rom\u00e2nia este osificat\u0103.<\/span><\/span>&nbsp;<span class=\"cursor-pointer group\" title=\"Reda\u021bi \u00eencep\u00e2nd de la 0:13\"><span class=\"group-hover:bg-base-200 rounded p-0.5 -m-0.5\" data-start=\"13120\" data-end=\"18620\">\u00cen sensul c\u0103, de foarte mult timp, n-au mai existat concursuri de intrare \u00een func\u021bie public\u0103.<\/span><\/span><\/p>\n<p id=\"p-1\"><span class=\"cursor-pointer group\" title=\"Reda\u021bi \u00eencep\u00e2nd de la 0:20\"><span class=\"group-hover:bg-base-200 rounded p-0.5 -m-0.5\" data-start=\"19680\" data-end=\"22800\">De altfel, aceste lucruri sunt \u00een leg\u0103tur\u0103 \u0219i cu lege salariz\u0103rii,<\/span><\/span>&nbsp;<span class=\"cursor-pointer group\" title=\"Reda\u021bi \u00eencep\u00e2nd de la 0:23\"><span class=\"group-hover:bg-base-200 rounded p-0.5 -m-0.5\" data-start=\"23200\" data-end=\"27120\">care, dac\u0103 exist\u0103 cu siguran\u021b\u0103 un efect pe care \u00eel are benefic,<\/span><\/span>&nbsp;<span class=\"cursor-pointer group\" title=\"Reda\u021bi \u00eencep\u00e2nd de la 0:27\"><span class=\"group-hover:bg-base-200 rounded p-0.5 -m-0.5\" data-start=\"27120\" data-end=\"32080\">este tocmai s\u0103 \u00eencurajeze cre\u0219terea salariilor debutan\u021bilor \u00een administra\u021bia public\u0103.<\/span><\/span>&nbsp;<span class=\"cursor-pointer group\" title=\"Reda\u021bi \u00eencep\u00e2nd de la 0:32\"><span class=\"group-hover:bg-base-200 rounded p-0.5 -m-0.5\" data-start=\"32120\" data-end=\"38980\">Acolo, de fapt, avem cea mai notabil\u0103 contribu\u021bie a legisla\u021biei salariz\u0103rii \u00een sectorul public\u201d, a declarat Drago\u0219 P\u00eeslaru.<\/span><\/span><\/p>\n<p id=\"p-2\">Ministrul interimar ala muncii a declarat c\u0103 angaj\u0103rile ar putea \u00eencepe \u00een toamn\u0103.<\/p>\n<p id=\"p-3\"><span class=\"cursor-pointer group\" title=\"Reda\u021bi \u00eencep\u00e2nd de la 0:39\"><span class=\"group-hover:bg-base-200 rounded p-0.5 -m-0.5\" data-start=\"39060\" data-end=\"44120\">&nbsp;\u201e\u00cen momentul \u00een care legea este promulgat\u0103,<\/span><\/span>&nbsp;<span class=\"cursor-pointer group\" title=\"Reda\u021bi \u00eencep\u00e2nd de la 0:46\"><span class=\"group-hover:bg-base-200 rounded p-0.5 -m-0.5\" data-start=\"45580\" data-end=\"51720\">a\u0219teptarea noastr\u0103 este ca undeva \u00een aceast\u0103 toamn\u0103 s\u0103 putem vedea o administra\u021bie<\/span><\/span>&nbsp;<span class=\"cursor-pointer group\" title=\"Reda\u021bi \u00eencep\u00e2nd de la 0:52\"><span class=\"group-hover:bg-base-200 rounded p-0.5 -m-0.5\" data-start=\"51720\" data-end=\"54520\">care \u00eencepe s\u0103 se duc\u0103 \u00een zona de normalizare din acest punct de vedere.<\/span><\/span><span class=\"cursor-pointer group\" title=\"Reda\u021bi \u00eencep\u00e2nd de la 1:03\"><span class=\"group-hover:bg-base-200 rounded p-0.5 -m-0.5\" data-start=\"63120\" data-end=\"68420\">Doar ca s\u0103 \u00een\u021belegem, legea vizeaz\u0103 direct partea aceasta de reorganizare a posturilor vacante,<\/span><\/span>&nbsp;<span class=\"cursor-pointer group\" title=\"Reda\u021bi \u00eencep\u00e2nd de la 1:09\"><span class=\"group-hover:bg-base-200 rounded p-0.5 -m-0.5\" data-start=\"68500\" data-end=\"70800\">este \u00een mod explicit men\u021bionat\u0103. L<\/span><\/span><span class=\"cursor-pointer group\" title=\"Reda\u021bi \u00eencep\u00e2nd de la 1:03\"><span class=\"group-hover:bg-base-200 rounded p-0.5 -m-0.5\" data-start=\"63120\" data-end=\"68420\">egea vizeaz\u0103 direct partea aceasta de reorganizare a posturilor vacante,<\/span><\/span>&nbsp;<span class=\"cursor-pointer group\" title=\"Reda\u021bi \u00eencep\u00e2nd de la 1:09\"><span class=\"group-hover:bg-base-200 rounded p-0.5 -m-0.5\" data-start=\"68500\" data-end=\"70800\">este \u00een mod explicit men\u021bionat\u0103\u201d, a mai spus ministrul.&nbsp;<\/span><\/span><\/p>\n<p>P\u00eeslaru a explicat \u00een conferin\u021ba de pres\u0103 c\u0103 este nevoie de o \u00eentinerire a administra\u021biei publice, unde mul\u021bi func\u021bionari au ajuns pe cea mai \u00eenalt\u0103 treapt\u0103 de salarizare.<\/p>\n<p id=\"p-4\"><span class=\"cursor-pointer group\" title=\"Reda\u021bi \u00eencep\u00e2nd de la 1:12\"><span class=\"group-hover:bg-base-200 rounded p-0.5 -m-0.5 bg-primary\/25 transition-all duration-200\" data-start=\"71580\" data-end=\"75280\" data-active>\u201eAici se coroboreaz\u0103 cu ce v\u0103 spuneam mai devreme<\/span><\/span>&nbsp;<span class=\"cursor-pointer group\" title=\"Reda\u021bi \u00eencep\u00e2nd de la 1:16\"><span class=\"group-hover:bg-base-200 rounded p-0.5 -m-0.5\" data-start=\"76300\" data-end=\"81460\">inten\u021bia de a ne uita la debutan\u021bi \u0219i la \u00eentinerirea administra\u021biei publice.<\/span><\/span>&nbsp;<span class=\"cursor-pointer group\" title=\"Reda\u021bi \u00eencep\u00e2nd de la 1:21\"><span class=\"group-hover:bg-base-200 rounded p-0.5 -m-0.5\" data-start=\"81460\" data-end=\"84740\">\u0218i \u00een acest moment, dac\u0103 ne uit\u0103m pe piramid\u0103 administra\u021biei publice,<\/span><\/span>&nbsp;<span class=\"cursor-pointer group\" title=\"Reda\u021bi \u00eencep\u00e2nd de la 1:25\"><span class=\"group-hover:bg-base-200 rounded p-0.5 -m-0.5\" data-start=\"84760\" data-end=\"86900\">lucrul pe care l-am f\u0103cut c\u00e2nd m-am uitat pe salarizare,<\/span><\/span>&nbsp;<span class=\"cursor-pointer group\" title=\"Reda\u021bi \u00eencep\u00e2nd de la 1:27\"><span class=\"group-hover:bg-base-200 rounded p-0.5 -m-0.5\" data-start=\"87340\" data-end=\"90580\">avem foarte multe persoane \u00een administra\u021bie care nu mai pot avansa,<\/span><\/span>&nbsp;<span class=\"cursor-pointer group\" title=\"Reda\u021bi \u00eencep\u00e2nd de la 1:31\"><span class=\"group-hover:bg-base-200 rounded p-0.5 -m-0.5\" data-start=\"90880\" data-end=\"95560\">sunt p\u00e2n\u0103 la urm\u0103 la gradul maxim de consilier superior de vechime de grad<\/span><\/span>&nbsp;<span class=\"cursor-pointer group\" title=\"Reda\u021bi \u00eencep\u00e2nd de la 1:36\"><span class=\"group-hover:bg-base-200 rounded p-0.5 -m-0.5\" data-start=\"95560\" data-end=\"100640\">\u0219i atunci, evident, ai nevoie s\u0103 eliberezi aceste posturi vacante<\/span><\/span>&nbsp;<span class=\"cursor-pointer group\" title=\"Reda\u021bi \u00eencep\u00e2nd de la 1:41\"><span class=\"group-hover:bg-base-200 rounded p-0.5 -m-0.5\" data-start=\"100640\" data-end=\"105120\">\u0219i s\u0103 le sco\u021bi la concurs pentru a putea \u00eentineri administra\u021bia \u0219i a cre\u0219te perfect\u201d, declarat ministrul interimar al Muncii.&nbsp;<\/span><\/span><\/p>\n","protected":false},"excerpt":{"rendered":"<p>Ministrul interimar al Muncii, Drago\u0219 P\u00eeslaru sus\u021bine \u00eentinerirea aparatului administrativ prin \u00eencadrarea de debutan\u021bi pe posturile l\u0103sate vacante de cei care \u00een prezent cumuleaz\u0103 pensia cu salariul \u00een sistemul public. &hellip; <a href=\"https:\/\/microscopemedia.com\/?p=690083\" class=\"more-link\">Read More<\/a><\/p>\n","protected":false},"author":1,"featured_media":690084,"comment_status":"closed","ping_status":"closed","sticky":false,"template":"Default","format":"standard","meta":[],"categories":[1],"tags":[],"_links":{"self":[{"href":"https:\/\/microscopemedia.com\/index.php?rest_route=\/wp\/v2\/posts\/690083"}],"collection":[{"href":"https:\/\/microscopemedia.com\/index.php?rest_route=\/wp\/v2\/posts"}],"about":[{"href":"https:\/\/microscopemedia.com\/index.php?rest_route=\/wp\/v2\/types\/post"}],"author":[{"embeddable":true,"href":"https:\/\/microscopemedia.com\/index.php?rest_route=\/wp\/v2\/users\/1"}],"replies":[{"embeddable":true,"href":"https:\/\/microscopemedia.com\/index.php?rest_route=%2Fwp%2Fv2%2Fcomments&post=690083"}],"version-history":[{"count":0,"href":"https:\/\/microscopemedia.com\/index.php?rest_route=\/wp\/v2\/posts\/690083\/revisions"}],"wp:featuredmedia":[{"embeddable":true,"href":"https:\/\/microscopemedia.com\/index.php?rest_route=\/wp\/v2\/media\/690084"}],"wp:attachment":[{"href":"https:\/\/microscopemedia.com\/index.php?rest_route=%2Fwp%2Fv2%2Fmedia&parent=690083"}],"wp:term":[{"taxonomy":"category","embeddable":true,"href":"https:\/\/microscopemedia.com\/index.php?rest_route=%2Fwp%2Fv2%2Fcategories&post=690083"},{"taxonomy":"post_tag","embeddable":true,"href":"https:\/\/microscopemedia.com\/index.php?rest_route=%2Fwp%2Fv2%2Ftags&post=690083"}],"curies":[{"name":"wp","href":"https:\/\/api.w.org\/{rel}","templated":true}]}}