{"id":690085,"date":"2026-04-30T11:36:03","date_gmt":"2026-04-30T11:36:03","guid":{"rendered":"https:\/\/microscopemedia.com\/?p=690085"},"modified":"2026-04-30T11:36:03","modified_gmt":"2026-04-30T11:36:03","slug":"criza-politica-din-tara-ar-putea-afecta-plata-pensiilor-si-a-salariilor-ce-spune-ministrul-interimar-al-muncii","status":"publish","type":"post","link":"https:\/\/microscopemedia.com\/?p=690085","title":{"rendered":"Criza politic\u0103 din \u021bar\u0103 ar putea afecta plata pensiilor \u0219i a salariilor? Ce spune ministrul interimar al Muncii"},"content":{"rendered":"<div><img decoding=\"async\" src=\"https:\/\/microscopemedia.com\/wp-content\/uploads\/2026\/04\/criza-politica-din-tara-ar-putea-afecta-plata-pensiilor-si-a-salariilor-ce-spune-ministrul-interimar-al-muncii.jpg\" class=\"ff-og-image-inserted\"><\/div>\n<p id=\"p-0\">Ministrul interimar al Muncii, Drago\u0219 P\u00eeslaru, a r\u0103spuns, joi, \u00eentreb\u0103rilor adresate de jurnali\u0219ti la finalul \u0219edin\u021bei extraordinare de Guvern, \u00een urma c\u0103reia proiectul de lege privind interdic\u021bia cumulului pensiei cu salariul la stat a fost adoptat\u0103.<\/p>\n<p id=\"p-1\">\u00centrebat dac\u0103 actuala criz\u0103 politic\u0103, generat\u0103 de demisia mini\u0219trilor social-democra\u021bi din Executiv \u0219i depunerea mo\u021biunii de cenzur\u0103 \u00eempotriva Guvernului de c\u0103tre PSD \u0219i AUR, ar putea s\u0103 afecteze plata pensiilor \u0219i a salariilor \u00een urm\u0103toarea perioad\u0103, ministrul a respins un asemenea scenariu.<\/p>\n<p id=\"p-2\">\u201eCa ministru al muncii interimar \u0219i \u00een numele guvernului v\u0103 pot spune foarte clar, f\u0103r\u0103 dubii, c\u0103 exist\u0103 resurse pentru plata salariilor, pentru plata pensiilor nu exist\u0103 niciun fel de risc ca acestea s\u0103 fie pl\u0103tite. Asigur rom\u00e2nii c\u0103 acest guvern lucreaz\u0103 \u00een continuare pentru a putea s\u0103 asigure aceast\u0103 stabilitate. Lumea nu trebuie s\u0103-\u0219i fac\u0103 griji \u0219i poate s\u0103 stea lini\u0219tit\u0103, c\u0103 statul continu\u0103 s\u0103 lucreze\u201d, a explicat P\u00eeslaru.<\/p>\n<p id=\"p-3\">\u00cen privin\u021ba unei eventuale index\u0103ri a pensiilor, ministrul a evitat un angajament ferm, explic\u00e2nd faptul c\u0103 decizia va depinde de \u201espa\u021biul fiscal pe care \u00eel avem\u201d.<\/p>\n<p id=\"p-4\">\u201eCred c\u0103 discu\u021biile trebuie avute \u00een func\u021bie de spa\u021biul fiscal pe care \u00eel avem. Ceea ce risc\u0103 s\u0103 se \u00eent\u00e2mple prin aceast\u0103 mo\u021biune de cenzur\u0103 este pur \u0219i simplu s\u0103 blocheze activitatea guvernamental\u0103. Lucrurile acestea vor avea consecin\u021be economice fundamentale \u0219i vor putea afecta ni\u0219te fluxuri de bani importante, mai ales cele nerambursabile, dinspre zona UE. <span class=\"cursor-pointer group\" title=\"Reda\u021bi \u00eencep\u00e2nd de la 16:52\"><span class=\"group-hover:bg-base-200 rounded p-0.5 -m-0.5\" data-start=\"1012290\" data-end=\"1020670\">Dac\u0103 s-ar ajunge \u00een vreun moment s\u0103 existe probleme cu privire la indexarea pensiilor sau cu privire la modul \u00een care finan\u021bele publice vor ar\u0103ta,<\/span><\/span>&nbsp;<span class=\"cursor-pointer group\" title=\"Reda\u021bi \u00eencep\u00e2nd de la 17:01\"><span class=\"group-hover:bg-base-200 rounded p-0.5 -m-0.5\" data-start=\"1021090\" data-end=\"1025890\">vor fi direct generate de cei care au declan\u0219at mo\u021biunea de cenzur\u0103\u201d, a completat P\u00eeslaru.&nbsp;<\/span><\/span><\/p>\n","protected":false},"excerpt":{"rendered":"<p>Ministrul interimar al Muncii, Drago\u0219 P\u00eeslaru, a r\u0103spuns, joi, \u00eentreb\u0103rilor adresate de jurnali\u0219ti la finalul \u0219edin\u021bei extraordinare de Guvern, \u00een urma c\u0103reia proiectul de lege privind interdic\u021bia cumulului pensiei cu &hellip; <a href=\"https:\/\/microscopemedia.com\/?p=690085\" class=\"more-link\">Read More<\/a><\/p>\n","protected":false},"author":1,"featured_media":690086,"comment_status":"closed","ping_status":"closed","sticky":false,"template":"Default","format":"standard","meta":[],"categories":[1],"tags":[],"_links":{"self":[{"href":"https:\/\/microscopemedia.com\/index.php?rest_route=\/wp\/v2\/posts\/690085"}],"collection":[{"href":"https:\/\/microscopemedia.com\/index.php?rest_route=\/wp\/v2\/posts"}],"about":[{"href":"https:\/\/microscopemedia.com\/index.php?rest_route=\/wp\/v2\/types\/post"}],"author":[{"embeddable":true,"href":"https:\/\/microscopemedia.com\/index.php?rest_route=\/wp\/v2\/users\/1"}],"replies":[{"embeddable":true,"href":"https:\/\/microscopemedia.com\/index.php?rest_route=%2Fwp%2Fv2%2Fcomments&post=690085"}],"version-history":[{"count":0,"href":"https:\/\/microscopemedia.com\/index.php?rest_route=\/wp\/v2\/posts\/690085\/revisions"}],"wp:featuredmedia":[{"embeddable":true,"href":"https:\/\/microscopemedia.com\/index.php?rest_route=\/wp\/v2\/media\/690086"}],"wp:attachment":[{"href":"https:\/\/microscopemedia.com\/index.php?rest_route=%2Fwp%2Fv2%2Fmedia&parent=690085"}],"wp:term":[{"taxonomy":"category","embeddable":true,"href":"https:\/\/microscopemedia.com\/index.php?rest_route=%2Fwp%2Fv2%2Fcategories&post=690085"},{"taxonomy":"post_tag","embeddable":true,"href":"https:\/\/microscopemedia.com\/index.php?rest_route=%2Fwp%2Fv2%2Ftags&post=690085"}],"curies":[{"name":"wp","href":"https:\/\/api.w.org\/{rel}","templated":true}]}}