{"id":690087,"date":"2026-04-30T11:46:03","date_gmt":"2026-04-30T11:46:03","guid":{"rendered":"https:\/\/microscopemedia.com\/?p=690087"},"modified":"2026-04-30T11:46:03","modified_gmt":"2026-04-30T11:46:03","slug":"detasarile-si-transferurile-un-sport-national-spune-pislaru-noile-masuri-ar-putea-duce-la-economii-de-1-miliard-de-lei","status":"publish","type":"post","link":"https:\/\/microscopemedia.com\/?p=690087","title":{"rendered":"Deta\u0219\u0103rile \u0219i transferurile, un sport na\u021bional, spune P\u00eeslaru \/ Noile m\u0103suri ar putea duce la economii de 1 miliard de lei"},"content":{"rendered":"<div><img decoding=\"async\" src=\"https:\/\/microscopemedia.com\/wp-content\/uploads\/2026\/04\/detasarile-si-transferurile-un-sport-national-spune-pislaru-noile-masuri-ar-putea-duce-la-economii-de-1-miliard-de-lei.jpg\" class=\"ff-og-image-inserted\"><\/div>\n<p id=\"p-0\"><em>\u201eU<span class=\"cursor-pointer group\" title=\"Reda\u021bi \u00eencep\u00e2nd de la 2:09\"><span class=\"group-hover:bg-base-200 rounded p-0.5 -m-0.5\" data-start=\"129229\" data-end=\"139990\">n proiect de lege care aduce \u0219i o claritate pe un fenomen care a devenit un fel de \u00absport na\u021bional\u00bb \u00een administra\u021bie<\/span><\/span>&nbsp;<span class=\"cursor-pointer group\" title=\"Reda\u021bi \u00eencep\u00e2nd de la 2:20\"><span class=\"group-hover:bg-base-200 rounded p-0.5 -m-0.5\" data-start=\"139990\" data-end=\"141670\">\u0219i anume deta\u0219\u0103rile \u0219i transferurile.<\/span><\/span>&nbsp;<span class=\"cursor-pointer group\" title=\"Reda\u021bi \u00eencep\u00e2nd de la 2:22\"><span class=\"group-hover:bg-base-200 rounded p-0.5 -m-0.5\" data-start=\"142450\" data-end=\"149450\">Cunoa\u0219tem cazurile care au ajuns \u00een mass media, cu deta\u0219\u0103ri din zona de prim\u0103rie care devine consul<\/span><\/span>&nbsp;<\/em><span class=\"cursor-pointer group\" title=\"Reda\u021bi \u00eencep\u00e2nd de la 2:30\"><span class=\"group-hover:bg-base-200 rounded p-0.5 -m-0.5\" data-start=\"149750\" data-end=\"157490\"><em>sau persoane care se transfer\u0103 din administra\u021bia public\u0103 local\u0103 \u00een central\u0103, f\u0103r\u0103 s\u0103 aib\u0103 neap\u0103rat toate calit\u0103\u021bile\u201d,<\/em> a declarat P\u00eeslaru, \u00een conferin\u021ba de pres\u0103 sus\u021binut\u0103 dup\u0103 \u0219edin\u021ba extraordinar\u0103 a Executivului, de joi.&nbsp;<\/span><\/span><\/p>\n<p id=\"p-1\">Acesta a precizat c\u0103 proiectul de lege prevede reguli mai clare pentru<span class=\"cursor-pointer group\" title=\"Reda\u021bi \u00eencep\u00e2nd de la 2:37\"><span class=\"group-hover:bg-base-200 rounded p-0.5 -m-0.5\" data-start=\"157490\" data-end=\"161890\">&nbsp;reorganizarea institu\u021biilor,<\/span><\/span>&nbsp;<span class=\"cursor-pointer group\" title=\"Reda\u021bi \u00eencep\u00e2nd de la 2:42\"><span class=\"group-hover:bg-base-200 rounded p-0.5 -m-0.5\" data-start=\"161990\" data-end=\"168730\">mecanisme mai eficiente pentru ocuparea posturilor vacante \u0219i clarificarea \u0219i limitarea acestor deta\u0219\u0103ri \u0219i transferuri.<\/span><\/span><\/p>\n<p id=\"p-2\">Acesta a precizat, c\u0103 \u00een noul proiect de lege se acord\u0103 termene foarte scurte pentru clarificarea situa\u021biilor de deta\u0219\u0103ri \u0219i transferuri.<\/p>\n<p id=\"p-3\"><em>\u201e<span class=\"cursor-pointer group\" title=\"Reda\u021bi \u00eencep\u00e2nd de la 5:23\"><span class=\"group-hover:bg-base-200 rounded p-0.5 -m-0.5\" data-start=\"322750\" data-end=\"325790\">Odat\u0103 ce lumea se a\u0219eaz\u0103 \u00een \u0219tatele de func\u021bie a\u0219a cum trebuie,<\/span><\/span>&nbsp;<span class=\"cursor-pointer group\" title=\"Reda\u021bi \u00eencep\u00e2nd de la 5:28\"><span class=\"group-hover:bg-base-200 rounded p-0.5 -m-0.5\" data-start=\"327750\" data-end=\"332790\">aceste m\u0103suri care sunt mai degrab\u0103 de rezolvarea discrepan\u021belor<\/span><\/span>&nbsp;<span class=\"cursor-pointer group\" title=\"Reda\u021bi \u00eencep\u00e2nd de la 5:33\"><span class=\"group-hover:bg-base-200 rounded p-0.5 -m-0.5\" data-start=\"333370\" data-end=\"338110\">\u0219i acestor probleme bizare de caracter temporar,<\/span><\/span>&nbsp;<span class=\"cursor-pointer group\" title=\"Reda\u021bi \u00eencep\u00e2nd de la 5:39\"><span class=\"group-hover:bg-base-200 rounded p-0.5 -m-0.5\" data-start=\"338910\" data-end=\"341870\">odat\u0103 ce sunt reglate, nu mai e nevoie ca actul normativ<\/span><\/span>&nbsp;<span class=\"cursor-pointer group\" title=\"Reda\u021bi \u00eencep\u00e2nd de la 5:42\"><span class=\"group-hover:bg-base-200 rounded p-0.5 -m-0.5\" data-start=\"341870\" data-end=\"344690\">s\u0103 pun\u0103 acest moratoriu pe deta\u0219\u0103ri \u0219i transferuri,<\/span><\/span>&nbsp;<span class=\"cursor-pointer group\" title=\"Reda\u021bi \u00eencep\u00e2nd de la 5:45\"><span class=\"group-hover:bg-base-200 rounded p-0.5 -m-0.5 bg-primary\/25 transition-all duration-200\" data-start=\"344750\" data-end=\"350010\" data-active>presupun\u00e2nd c\u0103 toat\u0103 lumea \u00een\u021belege c\u0103 ar trebui s\u0103 p\u0103str\u0103m o conduit\u0103 \u00een administra\u021bie<\/span><\/span>&nbsp;<\/em><span class=\"cursor-pointer group\" title=\"Reda\u021bi \u00eencep\u00e2nd de la 5:50\"><span class=\"group-hover:bg-base-200 rounded p-0.5 -m-0.5\" data-start=\"350350\" data-end=\"352370\"><em>care s\u0103 limiteze aceste lucruri \u0219i \u00een viitor\u201d,<\/em> a declarat P\u00eeslaru.&nbsp;<\/span><\/span><\/p>\n<p id=\"p-4\">\u00centrebat ce economii ar face statul prin eliminarea pensiilor speciale \u0219i t\u0103ierea deta\u0219\u0103rilor \u0219i transferurilor, Drago\u0219 P\u00eeslaru a declarat c\u0103, potrivit unor evalu\u0103ri par\u021biale, statul ar putea face \u201eeconomii substan\u021biale\u201d.<\/p>\n<p id=\"p-5\"><em>\u201e<span class=\"cursor-pointer group\" title=\"Reda\u021bi \u00eencep\u00e2nd de la 4:25\"><span class=\"group-hover:bg-base-200 rounded p-0.5 -m-0.5\" data-start=\"264830\" data-end=\"270570\">Nu v\u0103 pot da o cifr\u0103 fix\u0103, dar cu siguran\u021b\u0103 discut\u0103m de sute de milioane de lei<\/span><\/span>&nbsp;<span class=\"cursor-pointer group\" title=\"Reda\u021bi \u00eencep\u00e2nd de la 4:31\"><span class=\"group-hover:bg-base-200 rounded p-0.5 -m-0.5\" data-start=\"270570\" data-end=\"275150\">ca ordini de m\u0103rime, dac\u0103 nu cumva peste un miliard de lei\u201d, <\/span><\/span><\/em><span class=\"cursor-pointer group\" title=\"Reda\u021bi \u00eencep\u00e2nd de la 4:31\"><span class=\"group-hover:bg-base-200 rounded p-0.5 -m-0.5\" data-start=\"270570\" data-end=\"275150\">preciz\u00e2nd c\u0103 suma estimat\u0103 reprezint\u0103 un cumul al t\u0103ierii pensiilor speciale, dar \u0219i aspectele legate de scoaterea posturilor vacante \u0219i poten\u021bialul total al acestei legi.&nbsp;<\/span><\/span><\/p>\n<p id=\"p-6\">Reamintim c\u0103 joi, proiectul de lege privind <a href=\"https:\/\/www.mediafax.ro\/politic\/update-proiectul-de-lege-privind-cumulul-pensie-salariu-la-stat-a-fost-adoptat-de-guvern-intr-o-sedinta-extraordinara-23728846\" target=\"_blank\" rel=\"noopener\"><span><strong>interzicerea cumulului pensie-salariu<\/strong><\/span><\/a> a fost adoptat de Guvern \u0219i va fi trimis parlamentului care va solicita ca acesta s\u0103 fie adoptat \u00een procedur\u0103 de urgen\u021b\u0103.<\/p>\n","protected":false},"excerpt":{"rendered":"<p>\u201eUn proiect de lege care aduce \u0219i o claritate pe un fenomen care a devenit un fel de \u00absport na\u021bional\u00bb \u00een administra\u021bie&nbsp;\u0219i anume deta\u0219\u0103rile \u0219i transferurile.&nbsp;Cunoa\u0219tem cazurile care au ajuns &hellip; <a href=\"https:\/\/microscopemedia.com\/?p=690087\" class=\"more-link\">Read More<\/a><\/p>\n","protected":false},"author":1,"featured_media":690088,"comment_status":"closed","ping_status":"closed","sticky":false,"template":"Default","format":"standard","meta":[],"categories":[1],"tags":[],"_links":{"self":[{"href":"https:\/\/microscopemedia.com\/index.php?rest_route=\/wp\/v2\/posts\/690087"}],"collection":[{"href":"https:\/\/microscopemedia.com\/index.php?rest_route=\/wp\/v2\/posts"}],"about":[{"href":"https:\/\/microscopemedia.com\/index.php?rest_route=\/wp\/v2\/types\/post"}],"author":[{"embeddable":true,"href":"https:\/\/microscopemedia.com\/index.php?rest_route=\/wp\/v2\/users\/1"}],"replies":[{"embeddable":true,"href":"https:\/\/microscopemedia.com\/index.php?rest_route=%2Fwp%2Fv2%2Fcomments&post=690087"}],"version-history":[{"count":0,"href":"https:\/\/microscopemedia.com\/index.php?rest_route=\/wp\/v2\/posts\/690087\/revisions"}],"wp:featuredmedia":[{"embeddable":true,"href":"https:\/\/microscopemedia.com\/index.php?rest_route=\/wp\/v2\/media\/690088"}],"wp:attachment":[{"href":"https:\/\/microscopemedia.com\/index.php?rest_route=%2Fwp%2Fv2%2Fmedia&parent=690087"}],"wp:term":[{"taxonomy":"category","embeddable":true,"href":"https:\/\/microscopemedia.com\/index.php?rest_route=%2Fwp%2Fv2%2Fcategories&post=690087"},{"taxonomy":"post_tag","embeddable":true,"href":"https:\/\/microscopemedia.com\/index.php?rest_route=%2Fwp%2Fv2%2Ftags&post=690087"}],"curies":[{"name":"wp","href":"https:\/\/api.w.org\/{rel}","templated":true}]}}