{"id":690097,"date":"2026-04-30T12:46:04","date_gmt":"2026-04-30T12:46:04","guid":{"rendered":"https:\/\/microscopemedia.com\/?p=690097"},"modified":"2026-04-30T12:46:04","modified_gmt":"2026-04-30T12:46:04","slug":"nytimes-un-nou-razboi-hibrid-are-efect-de-domino-in-europa-ce-ancheteaza-autoritatile-din-mai-multe-tari","status":"publish","type":"post","link":"https:\/\/microscopemedia.com\/?p=690097","title":{"rendered":"NYTimes: Un nou r\u0103zboi hibrid are efect de domino \u00een Europa. Ce ancheteaz\u0103 autorit\u0103\u021bile din mai multe \u021b\u0103ri"},"content":{"rendered":"<p class=\"css-ac37hb evys1bk0\" id=\"p-0\"><span dir=\"auto\">Chiar \u00eenainte de miezul nop\u021bii, pe 23 martie, o ma\u0219in\u0103 goal\u0103 a fost incendiat\u0103 \u00een cartierul evreiesc din Anvers, Belgia. <\/span><a class=\"css-yywogo\" title href=\"https:\/\/www.om-mp.be\/nl\/artikel\/persbericht-antwerpen-onderzoek-naar-brandstichting-vlakbij-joods-kwartier\" target=\"_blank\" rel=\"noopener noreferrer\"><span dir=\"auto\">Poli\u021bia a arestat rapid doi adolescen\u021bi<\/span><\/a><span dir=\"auto\">&nbsp;. C\u00e2teva ore mai t\u00e2rziu, au ap\u0103rut online imagini neclare ale incidentului, care ar\u0103tau o persoan\u0103 turn\u00e2nd lichid pe o ma\u0219in\u0103 \u0219i o a doua persoan\u0103 d\u00e2ndu-i foc.<\/span><\/p>\n<div id=\"attachment_23729086\" class=\"wp-caption aligncenter\" readability=\"37\"><img aria-describedby=\"caption-attachment-23729086\" class=\"wp-image-23729086 size-full\" src=\"https:\/\/microscopemedia.com\/wp-content\/uploads\/2026\/04\/nytimes-un-nou-razboi-hibrid-are-efect-de-domino-in-europa-ce-ancheteaza-autoritatile-din-mai-multe-tari.webp\" alt width=\"700\" height=\"394\" loading=\"lazy\" decoding=\"async\" srcset=\"https:\/\/microscopemedia.com\/wp-content\/uploads\/2026\/04\/nytimes-un-nou-razboi-hibrid-are-efect-de-domino-in-europa-ce-ancheteaza-autoritatile-din-mai-multe-tari-1.webp 500w, https:\/\/microscopemedia.com\/wp-content\/uploads\/2026\/04\/nytimes-un-nou-razboi-hibrid-are-efect-de-domino-in-europa-ce-ancheteaza-autoritatile-din-mai-multe-tari.webp 728w\"><\/p>\n<p id=\"caption-attachment-23729086\" class=\"wp-caption-text\">24 March 2026, United Kingdom, London: The burnt out remains of Hatzola ambulances at the Jewish Community Ambulance service in in Golders Green, after an apparent arson attack on four ambulances on Monday. Photo: Jamie Lashmar\/PA Wire\/dpa<\/p>\n<\/div>\n<p class=\"css-ac37hb evys1bk0\" id=\"p-1\"><span dir=\"auto\">\u00cen videoclip, un grup care era necunoscut \u00een urm\u0103 cu doar c\u00e2teva luni \u00ee\u0219i asum\u0103 responsabilitatea. Grupul, care se autointituleaz\u0103 Harakat Ashab al-Yamin al-Islamiyya, \u0219i-a asumat, de asemenea, responsabilitatea pentru o serie de alte atacuri \u00een Europa, inclusiv unul de miercuri, c\u00e2nd&nbsp;<\/span><a class=\"css-yywogo\" title href=\"https:\/\/www.nytimes.com\/2026\/04\/29\/world\/europe\/london-stabbing-golders-green.html\"><span dir=\"auto\">dou\u0103 persoane au fost \u00eenjunghiate<\/span><\/a><span dir=\"auto\">&nbsp;\u00eentr-o zon\u0103 evreiasc\u0103 din Londra.<\/span><\/p>\n<p class=\"css-ac37hb evys1bk0\" id=\"p-2\"><span dir=\"auto\">Acum, oficialii antitero spun c\u0103 investigheaz\u0103 dac\u0103 gruparea are leg\u0103turi cu Iranul \u2013 \u0219i dac\u0103 aceste acte criminale reprezint\u0103 cea mai recent\u0103 dezvoltate a <span><strong><a href=\"https:\/\/www.mediafax.ro\/politic\/miruta-de-ziua-nato-ne-aflam-pe-flancul-estic-al-aliantei-intr-o-zona-strategica-si-sensibila-asta-este-o-responsabilitate-23715272\">r\u0103zboiului asimetric<\/a><\/strong><\/span> purtat de Iran sau de un alt actor malign, toate folosind metode ieftine \u0219i nesofisticate pentru a sem\u0103na fric\u0103 \u00een comunit\u0103\u021bile evreie\u0219ti din Europa, <span><strong><a href=\"https:\/\/www.nytimes.com\/2026\/04\/30\/world\/europe\/european-antisemitism-hybrid-warfare.html\">relateaz\u0103 The New York Times.<\/a><\/strong><\/span><\/span><\/p>\n<p id=\"p-3\">Cei acuza\u021bi de comiterea atacurilor nu p\u0103reau s\u0103 aib\u0103 loialitate fa\u021b\u0103 de o cauz\u0103 extremist\u0103 \u0219i probabil au fost recruta\u021bi s\u0103 ac\u021bioneze cu promisiunea unor bani, spun autorit\u0103\u021bile de aplicare a legii \u0219i avoca\u021bii.<\/p>\n<p id=\"p-4\"><strong>Suspiciunile autorit\u0103\u021bilor cu privire la implicarea Iranului sau a unuia dintre intermediarii s\u0103i \u00een Irak sugereaz\u0103 c\u0103 r\u0103zboiul din Orientul Mijlociu are un efect de domino neprev\u0103zut \u00een \u00eentreaga Europ\u0103.<\/strong><\/p>\n<p id=\"p-5\">Crimele pentru care grupul \u0219i-a revendicat responsabilitatea nu au provocat decese \u0219i, p\u00e2n\u0103 la \u00eenjunghierile de miercuri, nicio r\u0103nire (de\u0219i acest ultim atac nu s-a \u00eencadrat \u00een tiparul celor anterioare, au subliniat anali\u0219tii, iar revendicarea responsabilit\u0103\u021bii ar putea fi fals\u0103). Pagubele materiale au fost limitate.<\/p>\n<p id=\"p-6\">\u00cens\u0103 episoadele au obligat autorit\u0103\u021bile s\u0103 mobilizeze resursele serviciilor de informa\u021bii \u0219i s\u0103 apeleze la echipe de poli\u021bie britanice pentru a investiga, pun\u00e2nd la \u00eencercare resursele limitate.<\/p>\n<p class=\"css-ac37hb evys1bk0\" id=\"p-7\"><span dir=\"auto\">Zeci de atacuri din ultimele dou\u0103 luni \u00een <\/span><a class=\"css-yywogo\" title href=\"https:\/\/www.nytimes.com\/2026\/04\/19\/world\/europe\/arson-london-synagogue-antisemitism.html\"><span dir=\"auto\">Marea Britanie<\/span><\/a><span dir=\"auto\">&nbsp;,&nbsp;<\/span><a class=\"css-yywogo\" title href=\"https:\/\/www.nytimes.com\/2026\/03\/14\/world\/europe\/amsterdam-rotterdam-antisemitic-attacks.html\"><span dir=\"auto\">Olanda<\/span><\/a><span dir=\"auto\">&nbsp;,&nbsp;<\/span><a class=\"css-yywogo\" title href=\"https:\/\/www.nytimes.com\/2026\/03\/09\/world\/europe\/explosion-synagogue-belgium.html\"><span dir=\"auto\">Belgia<\/span><\/a><span dir=\"auto\">&nbsp;,&nbsp;<\/span><a class=\"css-yywogo\" title href=\"https:\/\/www.nytimes.com\/2026\/04\/01\/world\/europe\/bank-of-america-attack-pro-iranian-group.html\"><span dir=\"auto\">Fran\u021ba<\/span><\/a><span dir=\"auto\">&nbsp;\u0219i Germania, care au vizat \u00een mare parte comunitatea evreiasc\u0103, au fost revendicate online de Harakat Ashab al-Yamin al-Islamiyya, cunoscut\u0103 \u0219i sub numele de Mi\u0219carea Islamic\u0103 a Companioanelor Dreptei. <\/span><\/p>\n<p class=\"css-ac37hb evys1bk0\" id=\"p-8\"><span dir=\"auto\">Acestea includ explozii la \u0219coli evreie\u0219ti \u0219i \u00een fa\u021ba sinagogilor din Belgia \u0219i Olanda, precum \u0219i vehicule incendiate \u00een mai multe ora\u0219e europene. Totu\u0219i, nu se \u0219tie dac\u0103 grupul se afl\u0103 de fapt \u00een spatele fiec\u0103ruia dintre atacuri.<\/span><\/p>\n<p class=\"css-ac37hb evys1bk0\" id=\"p-9\"><span dir=\"auto\">Adrian Shtuni, cercet\u0103tor asociat la Centrul Interna\u021bional pentru Contraterorism, care a urm\u0103rit gruparea, a declarat c\u0103 tacticile, alegerea \u021bintelor \u0219i r\u0103sp\u00e2ndirea geografic\u0103, precum \u0219i re\u021belele specifice care r\u0103sp\u00e2ndesc afirma\u021biile, \u201eindic\u0103 puternic \u00een direc\u021bia Iranului\u201d.<\/span><\/p>\n<p class=\"css-ac37hb evys1bk0\" id=\"p-10\"><span dir=\"auto\">Atacurile, efectuate mai ales noaptea asupra unor \u021binte evreie\u0219ti sau legate de Israel, sunt calibrate pentru a \u201egenera fric\u0103 \u0219i presiune psihologic\u0103 f\u0103r\u0103 a declan\u0219a o escaladare major\u0103\u201d \u2013 o caracteristic\u0103 a eforturilor hibride legate de Iran, a spus Shtuni. \u0218i, \u00een multe cazuri, cei acuza\u021bi de comiterea crimelor sunt adolescen\u021bi sau tineri adul\u021bi, probabil recruta\u021bi \u201eprin canale online ocazionale de \u00abeconomia colaborativ\u0103\u00bb, cum ar fi Snapchat sau Telegram\u201d, a remarcat el.<\/span><\/p>\n<p class=\"css-ac37hb evys1bk0\" id=\"p-11\"><span dir=\"auto\">R\u0103zboiul hibrid implic\u0103 tactici, inclusiv atacuri cibernetice, sabotaj, asasinate \u0219i campanii de dezinformare, care sunt folosite \u00een mod ascuns pentru a destabiliza \u021b\u0103rile, a eroda \u00eencrederea \u00een institu\u021bii \u0219i a submina adversarii f\u0103r\u0103 a provoca un r\u0103spuns militar major.<\/span><\/p>\n<p class=\"css-ac37hb evys1bk0\" id=\"p-12\"><span dir=\"auto\">Atacurile au amplificat temerile \u00een r\u00e2ndul evreilor din \u00eentreaga Europ\u0103. Poli\u021bia a sporit securitatea la sinagogi \u0219i alte locuri evreie\u0219ti. \u00cen ora\u0219ele belgiene, solda\u021bii au fost desf\u0103\u0219ura\u021bi al\u0103turi de poli\u021bie pentru a securiza institu\u021biile evreie\u0219ti de la mijlocul lunii martie.<\/span><\/p>\n<p class=\"css-ac37hb evys1bk0\" id=\"p-13\"><span dir=\"auto\">La Londra, a avut loc o serie de incidente antisemite, mai ales \u00eentr-o zon\u0103 a ora\u0219ului care g\u0103zduie\u0219te pu\u021bin peste jum\u0103tate din cei aproximativ 300.000 de evrei din Marea Britanie.<\/span><\/p>\n<p class=\"css-ac37hb evys1bk0\" id=\"p-14\"><span dir=\"auto\">Patru&nbsp;<\/span><a class=\"css-yywogo\" title href=\"https:\/\/www.nytimes.com\/2026\/03\/23\/world\/europe\/jewish-ambulances-fire-london.html\"><span dir=\"auto\">ambulan\u021be<\/span><\/a><span dir=\"auto\">&nbsp;care deserveau o organiza\u021bie caritabil\u0103 evreiasc\u0103 au fost incendiate \u00een fa\u021ba unei sinagogi din nordul Londrei pe 23 martie. Apoi, \u00een decurs de patru zile, la mijlocul lunii aprilie, a avut loc un atac incendiar la Sinagoga Reform\u0103 Finchley, un presupus atac incendiar la un loc folosit c\u00e2ndva de o organiza\u021bie caritabil\u0103 evreiasc\u0103, un atac incendiar la Sinagoga Unit\u0103 Kenton \u0219i un atac asupra unei posturi de radio \u00een limba persan\u0103 \u2013 toate revendicate de Harakat Ashab al-Yamin al-Islamiyya.<\/span><\/p>\n<p class=\"css-ac37hb evys1bk0\" id=\"p-15\"><span dir=\"auto\">Poli\u021bia antiterorist\u0103 din Marea Britanie a arestat un total de 28 de persoane \u00een leg\u0103tur\u0103 cu seria de atacuri, iar opt au fost acuzate de infrac\u021biuni legate de incendiere, a anun\u021bat miercuri Serviciul de Poli\u021bie Metropolitan\u0103 din Londra \u00eentr-un comunicat.<\/span><\/p>\n<p class=\"css-ac37hb evys1bk0\" id=\"p-16\"><span dir=\"auto\">Serviciul de Poli\u021bie Metropolitan\u0103 din Londra \u0219i oficialii antiterorism au declarat \u00een declara\u021bii c\u0103 investigheaz\u0103 dac\u0103 grupul are leg\u0103turi cu Iranul, de\u0219i nu au ajuns la a atribui atacurile Iranului.<\/span><\/p>\n<p class=\"css-ac37hb evys1bk0\" id=\"p-17\"><span dir=\"auto\">Existau \u00eengrijor\u0103ri cresc\u00e2nde cu privire la aceste tipuri de atacuri, chiar \u00eenainte ca Statele Unite \u0219i Israelul s\u0103 atace Iranul \u00een urm\u0103 cu dou\u0103 luni, declan\u0219\u00e2nd un r\u0103zboi \u00een Orientul Mijlociu. Ken McCallum, directorul general al MI5, serviciul de informa\u021bii interne al Marii Britanii, a declarat \u00eentr-o&nbsp;<\/span><a class=\"css-yywogo\" title href=\"https:\/\/www.mi5.gov.uk\/director-general-sir-ken-mccallum-gives-threat-update\" target=\"_blank\" rel=\"noopener noreferrer\"><span dir=\"auto\">evaluare<\/span><\/a><span dir=\"auto\">&nbsp;din octombrie 2025 c\u0103 agresiunea transna\u021bional\u0103 iranian\u0103 este \u00een cre\u0219tere \u0219i c\u0103 agen\u021bia sa a fost for\u021bat\u0103 s\u0103 \u00ee\u0219i intensifice eforturile pentru a o contracara.<\/span><\/p>\n","protected":false},"excerpt":{"rendered":"<p>Chiar \u00eenainte de miezul nop\u021bii, pe 23 martie, o ma\u0219in\u0103 goal\u0103 a fost incendiat\u0103 \u00een cartierul evreiesc din Anvers, Belgia. Poli\u021bia a arestat rapid doi adolescen\u021bi&nbsp;. C\u00e2teva ore mai t\u00e2rziu, &hellip; <a href=\"https:\/\/microscopemedia.com\/?p=690097\" class=\"more-link\">Read More<\/a><\/p>\n","protected":false},"author":1,"featured_media":690098,"comment_status":"closed","ping_status":"closed","sticky":false,"template":"Default","format":"standard","meta":[],"categories":[1],"tags":[],"_links":{"self":[{"href":"https:\/\/microscopemedia.com\/index.php?rest_route=\/wp\/v2\/posts\/690097"}],"collection":[{"href":"https:\/\/microscopemedia.com\/index.php?rest_route=\/wp\/v2\/posts"}],"about":[{"href":"https:\/\/microscopemedia.com\/index.php?rest_route=\/wp\/v2\/types\/post"}],"author":[{"embeddable":true,"href":"https:\/\/microscopemedia.com\/index.php?rest_route=\/wp\/v2\/users\/1"}],"replies":[{"embeddable":true,"href":"https:\/\/microscopemedia.com\/index.php?rest_route=%2Fwp%2Fv2%2Fcomments&post=690097"}],"version-history":[{"count":0,"href":"https:\/\/microscopemedia.com\/index.php?rest_route=\/wp\/v2\/posts\/690097\/revisions"}],"wp:featuredmedia":[{"embeddable":true,"href":"https:\/\/microscopemedia.com\/index.php?rest_route=\/wp\/v2\/media\/690098"}],"wp:attachment":[{"href":"https:\/\/microscopemedia.com\/index.php?rest_route=%2Fwp%2Fv2%2Fmedia&parent=690097"}],"wp:term":[{"taxonomy":"category","embeddable":true,"href":"https:\/\/microscopemedia.com\/index.php?rest_route=%2Fwp%2Fv2%2Fcategories&post=690097"},{"taxonomy":"post_tag","embeddable":true,"href":"https:\/\/microscopemedia.com\/index.php?rest_route=%2Fwp%2Fv2%2Ftags&post=690097"}],"curies":[{"name":"wp","href":"https:\/\/api.w.org\/{rel}","templated":true}]}}