{"id":690127,"date":"2026-04-30T16:06:03","date_gmt":"2026-04-30T16:06:03","guid":{"rendered":"https:\/\/microscopemedia.com\/?p=690127"},"modified":"2026-04-30T16:06:03","modified_gmt":"2026-04-30T16:06:03","slug":"nou-set-de-programe-scolare-pentru-elevii-de-liceu-aprobat-de-ministerul-educatiei","status":"publish","type":"post","link":"https:\/\/microscopemedia.com\/?p=690127","title":{"rendered":"Nou set de programe \u0219colare pentru elevii de liceu, aprobat de Ministerul Educa\u021biei"},"content":{"rendered":"<div><img decoding=\"async\" src=\"https:\/\/microscopemedia.com\/wp-content\/uploads\/2026\/04\/nou-set-de-programe-scolare-pentru-elevii-de-liceu-aprobat-de-ministerul-educatiei.jpg\" class=\"ff-og-image-inserted\"><\/div>\n<p id=\"p-0\">Ministerul Educa\u021biei \u0219i Cercet\u0103rii a aprobat, joi, prin ordinul nr. 3.716\/2026, un nou set de programe \u0219colare pentru \u00eenv\u0103\u021b\u0103m\u00e2ntul liceal. Setul de 320 de programe \u0219colare vine \u00een completarea celor 90 deja aprobate.<\/p>\n<p id=\"p-1\">Cele 320 de programe \u0219colare, trimise deja pentru publicare \u00een Monitorul Oficial, vizeaz\u0103 urm\u0103toarele categorii:<\/p>\n<p id=\"p-2\">A. Programe \u0219colare pentru discipline obligatorii cu alocare orar\u0103 \u00een trunchiul comun (TC) \u0219i\/sau \u00een curriculumul de specialitate&nbsp; (CS) din aria curricular\u0103 matematic\u0103 \u0219i \u0219tiin\u021be ale naturii, respectiv aria tehnologii.<\/p>\n<p id=\"p-3\">Au fost aprobate 10 programe \u0219colare pentru:<\/p>\n<ul readability=\"1.5\">\n<li readability=\"0\">\n<p class=\"rtejustify\" id=\"p-4\">Matematic\u0103 (CS) pentru filiera tehnologic\u0103, toate profilurile \u0219i calific\u0103rile;<\/p>\n<\/li>\n<li>\n<p class=\"rtejustify\" id=\"p-5\">Matematic\u0103 aplicat\u0103:<\/p>\n<\/li>\n<li readability=\"3\">\n<p class=\"rtejustify\" id=\"p-8\">Tehnologia informa\u021biei \u0219i a comunica\u021biilor (TIC), trunchi comun, clasele a X-a \u2013 a XII-a, pentru toate filierele.<\/p>\n<\/li>\n<\/ul>\n<p id=\"p-9\">B. Programe \u0219colare pentru discipline obligatorii cu alocare orar\u0103 \u00een trunchiul comun (TC) \u0219i \u00een curriculumul de specialitate (CS) \u2013 studiul unei limbi moderne \u00een regim intensiv.<\/p>\n<p id=\"p-10\">\u00cen cadrul acestui grupaj au fost aprobate 3 programe \u0219colare, pentru studiul limbilor moderne L1 \u0219i L2, \u00een regim intensiv:<\/p>\n<ul>\n<li>\n<p class=\"rtejustify\" id=\"p-11\">limba chinez\u0103;<\/p>\n<\/li>\n<li>\n<p class=\"rtejustify\" id=\"p-12\">limba englez\u0103;<\/p>\n<\/li>\n<li>\n<p class=\"rtejustify\" id=\"p-13\">limba francez\u0103;<\/p>\n<\/li>\n<li>\n<p class=\"rtejustify\" id=\"p-14\">limba italian\u0103;<\/p>\n<\/li>\n<li>\n<p class=\"rtejustify\" id=\"p-15\">limba portughez\u0103;<\/p>\n<\/li>\n<li>\n<p class=\"rtejustify\" id=\"p-16\">limba spaniol\u0103;<\/p>\n<\/li>\n<li>\n<p class=\"rtejustify\" id=\"p-17\">limba rus\u0103;<\/p>\n<\/li>\n<li>\n<p class=\"rtejustify\" id=\"p-18\">limba turc\u0103.<\/p>\n<\/li>\n<\/ul>\n<p id=\"p-19\">C. Programe \u0219colare pentru discipline obligatorii cu alocare orar\u0103 \u00een curriculum de specialitate (CS) pentru filiera voca\u021bional\u0103, profilul teologic, toate specializ\u0103rile.<\/p>\n<p id=\"p-20\">Au fost aprobate&nbsp;170 de programe \u0219colarepentru discipline obligatorii din&nbsp;curriculumul de specialitate&nbsp;pentru profilul teologic, pentru toate cultele recunoscute:<\/p>\n<p id=\"p-30\">Programele vizeaz\u0103 discipline teologice, istorice, artistice, muzicale, precum \u0219i discipline aplicative \u0219i de practic\u0103 de specialitate.<\/p>\n<p id=\"p-31\">D. Programe \u0219colare pentru discipline obligatorii cu alocare orar\u0103 \u00een trunchiul comun (TC) \u0219i \u00een curriculumul de specialitate (CS) pentru \u00eenv\u0103\u021b\u0103m\u00e2ntul \u00een limba minorit\u0103\u021bilor na\u021bionale.<\/p>\n<p id=\"p-32\">Au fost aprobate&nbsp;32 de programe \u0219colare&nbsp;pentru&nbsp;limba \u0219i literatura matern\u0103, precum \u0219i pentru discipline de tip&nbsp;gramatic\u0103 aplicat\u0103, destinate \u00eenv\u0103\u021b\u0103m\u00e2ntului liceal, pentru trunchiul comun (TC) \u0219i\/sau curriculumul de specialitate (CS), dup\u0103 caz, \u00een urm\u0103toarele limbi:<\/p>\n<ul readability=\"1\">\n<li readability=\"-1\">\n<p class=\"rtejustify\" id=\"p-33\">limba maghiar\u0103 matern\u0103;<\/p>\n<\/li>\n<li>\n<p class=\"rtejustify\" id=\"p-34\">limba german\u0103 matern\u0103;<\/p>\n<\/li>\n<li readability=\"-1\">\n<p class=\"rtejustify\" id=\"p-35\">limba ucrainean\u0103 matern\u0103;<\/p>\n<\/li>\n<li>\n<p class=\"rtejustify\" id=\"p-36\">limba slovac\u0103 matern\u0103;<\/p>\n<\/li>\n<li>\n<p class=\"rtejustify\" id=\"p-37\">limba s\u00e2rb\u0103 matern\u0103;<\/p>\n<\/li>\n<li>\n<p class=\"rtejustify\" id=\"p-38\">limba croat\u0103 matern\u0103;<\/p>\n<\/li>\n<li>\n<p class=\"rtejustify\" id=\"p-39\">limba ceh\u0103 matern\u0103;<\/p>\n<\/li>\n<li>\n<p class=\"rtejustify\" id=\"p-40\">limba polon\u0103 matern\u0103;<\/p>\n<\/li>\n<li>\n<p class=\"rtejustify\" id=\"p-41\">limba rus\u0103 matern\u0103;<\/p>\n<\/li>\n<li readability=\"-1\">\n<p class=\"rtejustify\" id=\"p-42\">limba italian\u0103 matern\u0103;<\/p>\n<\/li>\n<li>\n<p class=\"rtejustify\" id=\"p-43\">limba turc\u0103 matern\u0103;<\/p>\n<\/li>\n<li>\n<p class=\"rtejustify\" id=\"p-44\">limba rromani matern\u0103;<\/p>\n<\/li>\n<li>\n<p class=\"rtejustify\" id=\"p-45\">limba bulgar\u0103 matern\u0103;<\/p>\n<\/li>\n<li readability=\"-1\">\n<p class=\"rtejustify\" id=\"p-46\">limba neogreac\u0103 matern\u0103.<\/p>\n<\/li>\n<\/ul>\n<p id=\"p-47\">Programele vizeaz\u0103 at\u00e2t \u0219colile \u0219i clasele cu predare \u00een limbile minorit\u0103\u021bilor na\u021bionale, c\u00e2t \u0219i \u0219colile \u0219i clasele cu predare \u00een limba rom\u00e2n\u0103, pentru filierele teoretic\u0103, tehnologic\u0103 \u0219i voca\u021bional\u0103.<\/p>\n<p id=\"p-48\">E. Programe \u0219colare pentru discipline obligatorii cu alocare orar\u0103 \u00een curriculumul de specialitate (CS), filiera voca\u021bional\u0103, profil artistic.<\/p>\n<p class=\"rtejustify\" id=\"p-49\">\u00cen acest grupaj, au fost aprobate&nbsp;105 programe \u0219colare&nbsp;pentru filiera voca\u021bional\u0103, profilul artistic, destinate curriculumului de specialitate, pentru toate specializ\u0103rile.<\/p>\n<p id=\"p-50\">De asemenea, Ministerul Educa\u021biei \u0219i Cercet\u0103rii men\u021bioneaz\u0103 c\u0103 vor urma alte noi etape de punere \u00een transparen\u021b\u0103 institu\u021bional\u0103, care vor completa necesarul de programe \u0219colare pentru \u00eenv\u0103\u021b\u0103m\u00e2ntul liceal.<\/p>\n","protected":false},"excerpt":{"rendered":"<p>Ministerul Educa\u021biei \u0219i Cercet\u0103rii a aprobat, joi, prin ordinul nr. 3.716\/2026, un nou set de programe \u0219colare pentru \u00eenv\u0103\u021b\u0103m\u00e2ntul liceal. Setul de 320 de programe \u0219colare vine \u00een completarea celor &hellip; <a href=\"https:\/\/microscopemedia.com\/?p=690127\" class=\"more-link\">Read More<\/a><\/p>\n","protected":false},"author":1,"featured_media":690128,"comment_status":"closed","ping_status":"closed","sticky":false,"template":"Default","format":"standard","meta":[],"categories":[1],"tags":[],"_links":{"self":[{"href":"https:\/\/microscopemedia.com\/index.php?rest_route=\/wp\/v2\/posts\/690127"}],"collection":[{"href":"https:\/\/microscopemedia.com\/index.php?rest_route=\/wp\/v2\/posts"}],"about":[{"href":"https:\/\/microscopemedia.com\/index.php?rest_route=\/wp\/v2\/types\/post"}],"author":[{"embeddable":true,"href":"https:\/\/microscopemedia.com\/index.php?rest_route=\/wp\/v2\/users\/1"}],"replies":[{"embeddable":true,"href":"https:\/\/microscopemedia.com\/index.php?rest_route=%2Fwp%2Fv2%2Fcomments&post=690127"}],"version-history":[{"count":0,"href":"https:\/\/microscopemedia.com\/index.php?rest_route=\/wp\/v2\/posts\/690127\/revisions"}],"wp:featuredmedia":[{"embeddable":true,"href":"https:\/\/microscopemedia.com\/index.php?rest_route=\/wp\/v2\/media\/690128"}],"wp:attachment":[{"href":"https:\/\/microscopemedia.com\/index.php?rest_route=%2Fwp%2Fv2%2Fmedia&parent=690127"}],"wp:term":[{"taxonomy":"category","embeddable":true,"href":"https:\/\/microscopemedia.com\/index.php?rest_route=%2Fwp%2Fv2%2Fcategories&post=690127"},{"taxonomy":"post_tag","embeddable":true,"href":"https:\/\/microscopemedia.com\/index.php?rest_route=%2Fwp%2Fv2%2Ftags&post=690127"}],"curies":[{"name":"wp","href":"https:\/\/api.w.org\/{rel}","templated":true}]}}