{"id":690131,"date":"2026-04-30T16:26:04","date_gmt":"2026-04-30T16:26:04","guid":{"rendered":"https:\/\/microscopemedia.com\/?p=690131"},"modified":"2026-04-30T16:26:04","modified_gmt":"2026-04-30T16:26:04","slug":"expulzarea-unui-diplomat-a-fost-un-incident-izolat-i-a-spus-presedintele-madagascarului-lui-macron","status":"publish","type":"post","link":"https:\/\/microscopemedia.com\/?p=690131","title":{"rendered":"Expulzarea unui diplomat a fost un \u201eincident izolat\u201d, i-a spus pre\u0219edintele Madagascarului lui Macron"},"content":{"rendered":"<div><img decoding=\"async\" src=\"https:\/\/microscopemedia.com\/wp-content\/uploads\/2026\/04\/expulzarea-unui-diplomat-a-fost-un-incident-izolat-i-a-spus-presedintele-madagascarului-lui-macron.jpg\" class=\"ff-og-image-inserted\"><\/div>\n<p id=\"p-0\">\u201eColonelul a reiterat c\u0103 deciziile luate de Madagascar se \u00eencadreaz\u0103 \u00een exercitarea normal\u0103 a suveranit\u0103\u021bii statului \u0219i sunt \u00een conformitate cu principiile care guverneaz\u0103 rela\u021biile diplomatice\u201d, a transmis biroul lui Randrianirina \u00eentr-un comunicat citat de <a href=\"https:\/\/www.aa.com.tr\/en\/africa\/expulsion-of-diplomat-was-isolated-incident-madagascars-president-tells-macron\/3923428\" target=\"_blank\" rel=\"noopener\">Anadolu<\/a>.<\/p>\n<p id=\"p-1\">\u201eAmbii lideri au subliniat importan\u021ba leg\u0103turilor dintre Madagascar \u0219i Fran\u021ba \u0219i \u0219i-au reafirmat angajamentul de a se asigura c\u0103 episodul nu deraiaz\u0103 cooperarea bilateral\u0103\u201d, se arat\u0103 \u00een comunicat.<\/p>\n<p id=\"p-2\">Madagascar, o fost\u0103 colonie francez\u0103, are leg\u0103turi politice str\u00e2nse cu Parisul, dar rela\u021biile au fost zdruncinate \u00een ultima vreme, \u00een urma tulbur\u0103rilor politice de pe insul\u0103, care au durat p\u00e2n\u0103 \u00een octombrie anul trecut, c\u00e2nd fostul pre\u0219edinte Andry Rajoelina a fost \u00eenl\u0103turat.<\/p>\n<p id=\"p-3\">Se spune c\u0103 Fran\u021ba a fost implicat\u0103 \u00een \u00eenl\u0103turarea lui Rajoelina, pe fondul protestelor tensionate conduse de tineri din cauza lipsei de ap\u0103 \u0219i electricitate.<\/p>\n<p id=\"p-4\">Na\u021biunea insular\u0103 din Oceanul Indian a expulzat un oficial diplomatic francez s\u0103pt\u0103m\u00e2na aceasta pentru un presupus complot de destabilizare a \u021b\u0103rii, o mi\u0219care care a determinat Parisul s\u0103-l convoace pe \u00eens\u0103rcinat cu afaceri al Ambasadei Madagascarului \u00een semn de protest. Ambasada a negat rapoartele conform c\u0103rora ar fi fost implicat\u0103 \u00een recentele tentative de destabilizare a \u021b\u0103rii.<\/p>\n","protected":false},"excerpt":{"rendered":"<p>\u201eColonelul a reiterat c\u0103 deciziile luate de Madagascar se \u00eencadreaz\u0103 \u00een exercitarea normal\u0103 a suveranit\u0103\u021bii statului \u0219i sunt \u00een conformitate cu principiile care guverneaz\u0103 rela\u021biile diplomatice\u201d, a transmis biroul lui &hellip; <a href=\"https:\/\/microscopemedia.com\/?p=690131\" class=\"more-link\">Read More<\/a><\/p>\n","protected":false},"author":1,"featured_media":690132,"comment_status":"closed","ping_status":"closed","sticky":false,"template":"Default","format":"standard","meta":[],"categories":[1],"tags":[],"_links":{"self":[{"href":"https:\/\/microscopemedia.com\/index.php?rest_route=\/wp\/v2\/posts\/690131"}],"collection":[{"href":"https:\/\/microscopemedia.com\/index.php?rest_route=\/wp\/v2\/posts"}],"about":[{"href":"https:\/\/microscopemedia.com\/index.php?rest_route=\/wp\/v2\/types\/post"}],"author":[{"embeddable":true,"href":"https:\/\/microscopemedia.com\/index.php?rest_route=\/wp\/v2\/users\/1"}],"replies":[{"embeddable":true,"href":"https:\/\/microscopemedia.com\/index.php?rest_route=%2Fwp%2Fv2%2Fcomments&post=690131"}],"version-history":[{"count":0,"href":"https:\/\/microscopemedia.com\/index.php?rest_route=\/wp\/v2\/posts\/690131\/revisions"}],"wp:featuredmedia":[{"embeddable":true,"href":"https:\/\/microscopemedia.com\/index.php?rest_route=\/wp\/v2\/media\/690132"}],"wp:attachment":[{"href":"https:\/\/microscopemedia.com\/index.php?rest_route=%2Fwp%2Fv2%2Fmedia&parent=690131"}],"wp:term":[{"taxonomy":"category","embeddable":true,"href":"https:\/\/microscopemedia.com\/index.php?rest_route=%2Fwp%2Fv2%2Fcategories&post=690131"},{"taxonomy":"post_tag","embeddable":true,"href":"https:\/\/microscopemedia.com\/index.php?rest_route=%2Fwp%2Fv2%2Ftags&post=690131"}],"curies":[{"name":"wp","href":"https:\/\/api.w.org\/{rel}","templated":true}]}}