{"id":690137,"date":"2026-04-30T17:06:04","date_gmt":"2026-04-30T17:06:04","guid":{"rendered":"https:\/\/microscopemedia.com\/?p=690137"},"modified":"2026-04-30T17:06:04","modified_gmt":"2026-04-30T17:06:04","slug":"de-ce-au-statele-unite-baze-militare-in-germania-isi-va-pune-trump-in-aplicare-amenintarea-de-a-reduce-numarul-acestora","status":"publish","type":"post","link":"https:\/\/microscopemedia.com\/?p=690137","title":{"rendered":"De ce au Statele Unite baze militare \u00een Germania \u00ce\u0219i va pune Trump \u00een aplicare amenin\u021barea de a reduce num\u0103rul acestora"},"content":{"rendered":"<div><img decoding=\"async\" src=\"https:\/\/microscopemedia.com\/wp-content\/uploads\/2026\/04\/de-ce-au-statele-unite-baze-militare-in-germania-isi-va-pune-trump-in-aplicare-amenintarea-de-a-reduce-numarul-acestora.jpg\" class=\"ff-og-image-inserted\"><\/div>\n<p class=\"font-claude-response-body break-words whitespace-normal leading-[1.7]\" id=\"p-0\">Pre\u0219edintele american Donald Trump a declarat c\u0103 SUA \u201estudiaz\u0103 \u0219i analizeaz\u0103 posibila reducere a trupelor sta\u021bionate \u00een Germania\u201d. Anun\u021bul vine la c\u00e2teva zile dup\u0103 ce cancelarul Friedrich Merz a sugerat c\u0103 Washingtonul este \u201edep\u0103\u0219it \u0219i umilit\u201d de Iran. O decizie va fi luat\u0103 \u201e\u00een urm\u0103toarea perioad\u0103 scurt\u0103 de timp\u201d, a spus Trump, conform <a href=\"https:\/\/www.theguardian.com\/us-news\/2026\/apr\/30\/us-military-bases-germany-trump-threat-cut-numbers\" target=\"_blank\" rel=\"noopener\">The Guardian<\/a>.<\/p>\n<h2 class=\"font-claude-response-body break-words whitespace-normal leading-[1.7]\" id=\"chapter-0\"><strong>80 de ani de prezen\u021b\u0103 militar\u0103<\/strong><\/h2>\n<p class=\"font-claude-response-body break-words whitespace-normal leading-[1.7]\" id=\"p-1\">Prezen\u021ba militar\u0103 american\u0103 \u00een Germania dateaz\u0103 din 1945. La sf\u00e2r\u0219itul celui de-al Doilea R\u0103zboi Mondial, pe teritoriul german se aflau 1,6 milioane de solda\u021bi americani. Num\u0103rul a sc\u0103zut rapid, dar misiunea s-a transformat. Din denazificare, a devenit ap\u0103rare \u00eempotriva URSS. Bazele au devenit permanente odat\u0103 cu \u00eenfiin\u021barea NATO, \u00een 1949.<\/p>\n<p class=\"font-claude-response-body break-words whitespace-normal leading-[1.7]\" id=\"p-2\">La apogeul R\u0103zboiului Rece, SUA operau peste 800 de loca\u021bii militare \u00een Germania. Num\u0103rul trupelor dep\u0103\u0219ea adesea 250.000. Bazele sem\u0103nau cu ora\u0219e americane autonome, cu \u0219coli, magazine \u0219i cinematografe proprii.<\/p>\n<h2 class=\"font-claude-response-body break-words whitespace-normal leading-[1.7]\" id=\"chapter-1\"><strong>Ce exist\u0103 acolo acum<\/strong><\/h2>\n<p class=\"font-claude-response-body break-words whitespace-normal leading-[1.7]\" id=\"p-3\">Ast\u0103zi, SUA au aproximativ 36.400 de militari \u00een Germania, repartiza\u021bi \u00een 20-40 de baze. Printre cele mai importante se num\u0103r\u0103 baza aerian\u0103 Ramstein, cu 8.500 de membri ai for\u021belor aeriene. La Stuttgart se afl\u0103 sediile Comandamentului European \u0219i Comandamentului Africii. Acestea coordoneaz\u0103 toate opera\u021biunile militare americane de pe dou\u0103 continente.<\/p>\n<p class=\"font-claude-response-body break-words whitespace-normal leading-[1.7]\" id=\"p-4\">Centrul medical Landstuhl este cel mai mare spital militar american din afara SUA. Zona de instruc\u021bie din Bavaria este cea mai mare din Europa.<\/p>\n<h2 class=\"font-claude-response-body break-words whitespace-normal leading-[1.7]\" id=\"chapter-2\"><strong>Nu este prima amenin\u021bare<\/strong><\/h2>\n<p class=\"font-claude-response-body break-words whitespace-normal leading-[1.7]\" id=\"p-5\">Trump a mai f\u0103cut acest anun\u021b. \u00cen 2020, a numit Germania \u201edelincvent\u0103\u201d \u0219i a anun\u021bat reducerea cu o treime a trupelor. Planul a luat prin surprindere Pentagonul, Departamentul de Stat \u0219i alia\u021bii NATO. Nu a fost aplicat. Pre\u0219edintele Biden l-a \u00eenghe\u021bat \u00een februarie 2021 \u0219i l-a anulat oficial ulterior.<\/p>\n<h2 class=\"font-claude-response-body break-words whitespace-normal leading-[1.7]\" id=\"chapter-3\"><strong>De ce Pentagonul rezist\u0103<\/strong><\/h2>\n<p class=\"font-claude-response-body break-words whitespace-normal leading-[1.7]\" id=\"p-6\">Anali\u0219tii subliniaz\u0103 c\u0103 bazele din Germania nu sunt o favoare f\u0103cut\u0103 Europei. Ele sunt instrumente vitale ale puterii militare globale americane. F\u0103r\u0103 Ramstein, multe opera\u021biuni americane ar fi incomparabil mai dificile.<\/p>\n<p class=\"font-claude-response-body break-words whitespace-normal leading-[1.7]\" id=\"p-7\">\u201eFor\u021bele americane din Europa nu reprezint\u0103 o contribu\u021bie caritabil\u0103 pentru europenii nerecunosc\u0103tori\u201d, a declarat Jeff Rathke, de la Institutul Americano-German al Universit\u0103\u021bii Johns Hopkins. \u201eEle sunt un instrument al influen\u021bei militare globale a Americii.\u201d<\/p>\n<p class=\"font-claude-response-body break-words whitespace-normal leading-[1.7]\" id=\"p-8\">Legea privind autorizarea ap\u0103r\u0103rii na\u021bionale din 2026 interzice sc\u0103derea permanent\u0103 sub 75.000 de trupe americane \u00een Europa. Reducerile substan\u021biale la baze precum Stuttgart \u0219i Ramstein ar avea un cost enorm pentru acoperirea militar\u0103 a SUA.<\/p>\n","protected":false},"excerpt":{"rendered":"<p>Pre\u0219edintele american Donald Trump a declarat c\u0103 SUA \u201estudiaz\u0103 \u0219i analizeaz\u0103 posibila reducere a trupelor sta\u021bionate \u00een Germania\u201d. Anun\u021bul vine la c\u00e2teva zile dup\u0103 ce cancelarul Friedrich Merz a sugerat &hellip; <a href=\"https:\/\/microscopemedia.com\/?p=690137\" class=\"more-link\">Read More<\/a><\/p>\n","protected":false},"author":1,"featured_media":690138,"comment_status":"closed","ping_status":"closed","sticky":false,"template":"Default","format":"standard","meta":[],"categories":[1],"tags":[],"_links":{"self":[{"href":"https:\/\/microscopemedia.com\/index.php?rest_route=\/wp\/v2\/posts\/690137"}],"collection":[{"href":"https:\/\/microscopemedia.com\/index.php?rest_route=\/wp\/v2\/posts"}],"about":[{"href":"https:\/\/microscopemedia.com\/index.php?rest_route=\/wp\/v2\/types\/post"}],"author":[{"embeddable":true,"href":"https:\/\/microscopemedia.com\/index.php?rest_route=\/wp\/v2\/users\/1"}],"replies":[{"embeddable":true,"href":"https:\/\/microscopemedia.com\/index.php?rest_route=%2Fwp%2Fv2%2Fcomments&post=690137"}],"version-history":[{"count":0,"href":"https:\/\/microscopemedia.com\/index.php?rest_route=\/wp\/v2\/posts\/690137\/revisions"}],"wp:featuredmedia":[{"embeddable":true,"href":"https:\/\/microscopemedia.com\/index.php?rest_route=\/wp\/v2\/media\/690138"}],"wp:attachment":[{"href":"https:\/\/microscopemedia.com\/index.php?rest_route=%2Fwp%2Fv2%2Fmedia&parent=690137"}],"wp:term":[{"taxonomy":"category","embeddable":true,"href":"https:\/\/microscopemedia.com\/index.php?rest_route=%2Fwp%2Fv2%2Fcategories&post=690137"},{"taxonomy":"post_tag","embeddable":true,"href":"https:\/\/microscopemedia.com\/index.php?rest_route=%2Fwp%2Fv2%2Ftags&post=690137"}],"curies":[{"name":"wp","href":"https:\/\/api.w.org\/{rel}","templated":true}]}}