{"id":690139,"date":"2026-04-30T17:26:03","date_gmt":"2026-04-30T17:26:03","guid":{"rendered":"https:\/\/microscopemedia.com\/?p=690139"},"modified":"2026-04-30T17:26:03","modified_gmt":"2026-04-30T17:26:03","slug":"cine-a-negociat-cu-aur-motiunea-care-ar-putea-dobori-guvernul-bolojan-grindeanu-spune-ca-nici-macar-n-a-fost-o-negociere","status":"publish","type":"post","link":"https:\/\/microscopemedia.com\/?p=690139","title":{"rendered":"Cine a negociat cu AUR mo\u021biunea care ar putea dobor\u00ee Guvernul Bolojan. Grindeanu spune c\u0103 nici m\u0103car n-a fost o negociere"},"content":{"rendered":"<div><img decoding=\"async\" src=\"https:\/\/microscopemedia.com\/wp-content\/uploads\/2026\/04\/cine-a-negociat-cu-aur-motiunea-care-ar-putea-dobori-guvernul-bolojan-grindeanu-spune-ca-nici-macar-n-a-fost-o-negociere.jpg\" class=\"ff-og-image-inserted\"><\/div>\n<div readability=\"35.80310880829\">\n<p class=\"font-claude-response-body break-words whitespace-normal leading-[1.7]\" id=\"p-0\">\u00centrebat cine a negociat mo\u021biunea de cenzur\u0103 cu AUR, Grindeanu a respins termenul de negociere. \u201eNici m\u0103car n-a fost o negociere\u201d, a spus el.<\/p>\n<p class=\"font-claude-response-body break-words whitespace-normal leading-[1.7]\" id=\"p-1\">Referitor la modul \u00een care s-a ajuns la mo\u021biunea comun\u0103, Grindeanu a explicat c\u0103 a citit inten\u021bia AUR de a depune o mo\u021biune separat\u0103. A avut apoi o discu\u021bie cu George Simion \u00een weekend.<\/p>\n<p class=\"font-claude-response-body break-words whitespace-normal leading-[1.7]\" id=\"p-2\">\u201eI-am spus c\u0103 exist\u0103 riscul anihil\u0103rii reciproce a celor dou\u0103 mo\u021biuni\u201d, a declarat liderul PSD. \u201eDac\u0103 \u00ee\u0219i dore\u0219te cu adev\u0103rat s\u0103 d\u0103r\u00e2me guvernul, trebuie s\u0103 facem o mo\u021biune comun\u0103\u201d.<\/p>\n<h2 class=\"font-claude-response-body break-words whitespace-normal leading-[1.7]\" id=\"chapter-0\"><strong>\u201eAbsolut nimic\u201d<\/strong><\/h2>\n<p class=\"font-claude-response-body break-words whitespace-normal leading-[1.7]\" id=\"p-3\">\u00centrebat dac\u0103 Simion a cerut ceva la schimb, Grindeanu a r\u0103spuns scurt: \u201eNu. Absolut nimic\u201d. Referitor la informa\u021biile c\u0103 AUR ar fi cerut PSD s\u0103 \u00eel ajute s\u0103 \u00ee\u0219i \u00eembun\u0103t\u0103\u021beasc\u0103 imaginea \u00een parteneriatele externe, Grindeanu a negat categoric. \u201eAm spus. Absolut nimic.\u201d<\/p>\n<h2 class=\"font-claude-response-body break-words whitespace-normal leading-[1.7]\" id=\"chapter-1\"><strong>256 de semn\u0103turi, f\u0103r\u0103 emo\u021bii<\/strong><\/h2>\n<p class=\"font-claude-response-body break-words whitespace-normal leading-[1.7]\" id=\"p-4\">\u00centrebat dac\u0103 mo\u021biunea va trece, Grindeanu s-a ar\u0103tat convins. \u201eEvident\u201d, a r\u0103spuns el. A precizat c\u0103 exist\u0103 254-256 de semn\u0103turi \u0219i c\u0103, \u00een absen\u021ba unor retrageri p\u00e2n\u0103 \u00een ziua votului, \u201enu exist\u0103 emo\u021bie din acest punct de vedere\u201d.<\/p>\n<p class=\"font-claude-response-body break-words whitespace-normal leading-[1.7]\" id=\"p-5\">Referitor la scenariul de dup\u0103 c\u0103derea Guvernului Bolojan, Grindeanu a exclus varianta unui guvern PSD-AUR. \u201eNu pot s\u0103 spun la fiecare cinci minute c\u0103 nu vom face guvern cu AUR. Nu s-a discutat niciodat\u0103\u201d, a afirmat el.<\/p>\n<\/p><\/div>\n","protected":false},"excerpt":{"rendered":"<p>\u00centrebat cine a negociat mo\u021biunea de cenzur\u0103 cu AUR, Grindeanu a respins termenul de negociere. \u201eNici m\u0103car n-a fost o negociere\u201d, a spus el. Referitor la modul \u00een care s-a &hellip; <a href=\"https:\/\/microscopemedia.com\/?p=690139\" class=\"more-link\">Read More<\/a><\/p>\n","protected":false},"author":1,"featured_media":690140,"comment_status":"closed","ping_status":"closed","sticky":false,"template":"Default","format":"standard","meta":[],"categories":[1],"tags":[],"_links":{"self":[{"href":"https:\/\/microscopemedia.com\/index.php?rest_route=\/wp\/v2\/posts\/690139"}],"collection":[{"href":"https:\/\/microscopemedia.com\/index.php?rest_route=\/wp\/v2\/posts"}],"about":[{"href":"https:\/\/microscopemedia.com\/index.php?rest_route=\/wp\/v2\/types\/post"}],"author":[{"embeddable":true,"href":"https:\/\/microscopemedia.com\/index.php?rest_route=\/wp\/v2\/users\/1"}],"replies":[{"embeddable":true,"href":"https:\/\/microscopemedia.com\/index.php?rest_route=%2Fwp%2Fv2%2Fcomments&post=690139"}],"version-history":[{"count":0,"href":"https:\/\/microscopemedia.com\/index.php?rest_route=\/wp\/v2\/posts\/690139\/revisions"}],"wp:featuredmedia":[{"embeddable":true,"href":"https:\/\/microscopemedia.com\/index.php?rest_route=\/wp\/v2\/media\/690140"}],"wp:attachment":[{"href":"https:\/\/microscopemedia.com\/index.php?rest_route=%2Fwp%2Fv2%2Fmedia&parent=690139"}],"wp:term":[{"taxonomy":"category","embeddable":true,"href":"https:\/\/microscopemedia.com\/index.php?rest_route=%2Fwp%2Fv2%2Fcategories&post=690139"},{"taxonomy":"post_tag","embeddable":true,"href":"https:\/\/microscopemedia.com\/index.php?rest_route=%2Fwp%2Fv2%2Ftags&post=690139"}],"curies":[{"name":"wp","href":"https:\/\/api.w.org\/{rel}","templated":true}]}}