{"id":690141,"date":"2026-04-30T17:36:04","date_gmt":"2026-04-30T17:36:04","guid":{"rendered":"https:\/\/microscopemedia.com\/?p=690141"},"modified":"2026-04-30T17:36:04","modified_gmt":"2026-04-30T17:36:04","slug":"ma-cheama-ilie-bolojan-sa-nu-mi-dau-demisia-grindeanu-despre-ce-se-intampla-cu-el-daca-motiunea-pica","status":"publish","type":"post","link":"https:\/\/microscopemedia.com\/?p=690141","title":{"rendered":"\u201eM\u0103 cheam\u0103 Ilie Bolojan s\u0103 nu-mi dau demisia\u201d Grindeanu, despre ce se \u00eent\u00e2mpl\u0103 cu el dac\u0103 mo\u021biunea pic\u0103"},"content":{"rendered":"<div><img decoding=\"async\" src=\"https:\/\/microscopemedia.com\/wp-content\/uploads\/2026\/04\/ma-cheama-ilie-bolojan-sa-nu-mi-dau-demisia-grindeanu-despre-ce-se-intampla-cu-el-daca-motiunea-pica.jpg\" class=\"ff-og-image-inserted\"><\/div>\n<div readability=\"30.232636547539\">\n<p class=\"font-claude-response-body break-words whitespace-normal leading-[1.7]\" id=\"p-0\">\u00centrebat dac\u0103 \u00ee\u0219i d\u0103 demisia din func\u021bia de pre\u0219edinte al PSD \u00een cazul \u00een care mo\u021biunea de cenzur\u0103 e\u0219ueaz\u0103, Grindeanu a evitat un r\u0103spuns direct. \u201eO s\u0103 facem o analiz\u0103 intern\u0103, toate lucrurile sunt pe mas\u0103\u201d, a spus el.<\/p>\n<h2 class=\"font-claude-response-body break-words whitespace-normal leading-[1.7]\" id=\"chapter-0\"><strong>\u201eM\u0103 cheam\u0103 Ilie Bolojan s\u0103 nu-mi dau demisia?\u201d<\/strong><\/h2>\n<p class=\"font-claude-response-body break-words whitespace-normal leading-[1.7]\" id=\"p-1\">Referitor la varianta demisiei, Grindeanu a devenit tran\u0219ant. \u201e\u00cemi dau demisia dac\u0103 a\u0219a se deblocheaz\u0103 lucrurile\u201d, a declarat el. A ad\u0103ugat c\u0103 aceea\u0219i \u00eentrebare i-a fost adresat\u0103 \u0219i mai devreme. R\u0103spunsul a fost acela\u0219i: \u201eImediat dup\u0103 ce \u00ee\u0219i d\u0103 Ilie Bolojan demisia din func\u021bia de prim-ministru\u201d.<\/p>\n<h2 class=\"font-claude-response-body break-words whitespace-normal leading-[1.7]\" id=\"chapter-1\"><strong>Cine vine dup\u0103 Bolojan?<\/strong><\/h2>\n<p class=\"font-claude-response-body break-words whitespace-normal leading-[1.7]\" id=\"p-2\">\u00centrebat ce solu\u021bie are PSD pentru guvernarea de dup\u0103 mo\u021biune, <a href=\"https:\/\/www.mediafax.ro\/politic\/grindeanu-ilie-bolojan-e-ca-liviu-dragnea-otraveste-fantanile-si-taie-puntile-de-dialog-23729295\">Grindeanu<\/a> a r\u0103spuns c\u0103 partidul va merge la consult\u0103rile de la Cotroceni cu o pozi\u021bie clar\u0103. PSD dore\u0219te o coali\u021bie \u00een forma actual\u0103 sau apropiat\u0103. Nu sus\u021bine guverne minoritare. Nu face majorit\u0103\u021bi \u00een afara coali\u021biei existente.<\/p>\n<p class=\"font-claude-response-body break-words whitespace-normal leading-[1.7]\" id=\"p-3\">\u201eSuntem deschi\u0219i la variante care s\u0103 asigure un guvern majoritar\u201d, a declarat Grindeanu. A precizat c\u0103 PSD va fi probabil primul partid invitat la consult\u0103ri, datorit\u0103 num\u0103rului de parlamentari.<\/p>\n<p class=\"font-claude-response-body break-words whitespace-normal leading-[1.7]\" id=\"p-4\">Referitor la \u00eengrijor\u0103rile legate de cursul valutar \u0219i instabilitatea post-mo\u021biune, Grindeanu a transmis c\u0103 exist\u0103 solu\u021bii.<\/p>\n<\/p><\/div>\n","protected":false},"excerpt":{"rendered":"<p>\u00centrebat dac\u0103 \u00ee\u0219i d\u0103 demisia din func\u021bia de pre\u0219edinte al PSD \u00een cazul \u00een care mo\u021biunea de cenzur\u0103 e\u0219ueaz\u0103, Grindeanu a evitat un r\u0103spuns direct. \u201eO s\u0103 facem o analiz\u0103 &hellip; <a href=\"https:\/\/microscopemedia.com\/?p=690141\" class=\"more-link\">Read More<\/a><\/p>\n","protected":false},"author":1,"featured_media":690142,"comment_status":"closed","ping_status":"closed","sticky":false,"template":"Default","format":"standard","meta":[],"categories":[1],"tags":[],"_links":{"self":[{"href":"https:\/\/microscopemedia.com\/index.php?rest_route=\/wp\/v2\/posts\/690141"}],"collection":[{"href":"https:\/\/microscopemedia.com\/index.php?rest_route=\/wp\/v2\/posts"}],"about":[{"href":"https:\/\/microscopemedia.com\/index.php?rest_route=\/wp\/v2\/types\/post"}],"author":[{"embeddable":true,"href":"https:\/\/microscopemedia.com\/index.php?rest_route=\/wp\/v2\/users\/1"}],"replies":[{"embeddable":true,"href":"https:\/\/microscopemedia.com\/index.php?rest_route=%2Fwp%2Fv2%2Fcomments&post=690141"}],"version-history":[{"count":0,"href":"https:\/\/microscopemedia.com\/index.php?rest_route=\/wp\/v2\/posts\/690141\/revisions"}],"wp:featuredmedia":[{"embeddable":true,"href":"https:\/\/microscopemedia.com\/index.php?rest_route=\/wp\/v2\/media\/690142"}],"wp:attachment":[{"href":"https:\/\/microscopemedia.com\/index.php?rest_route=%2Fwp%2Fv2%2Fmedia&parent=690141"}],"wp:term":[{"taxonomy":"category","embeddable":true,"href":"https:\/\/microscopemedia.com\/index.php?rest_route=%2Fwp%2Fv2%2Fcategories&post=690141"},{"taxonomy":"post_tag","embeddable":true,"href":"https:\/\/microscopemedia.com\/index.php?rest_route=%2Fwp%2Fv2%2Ftags&post=690141"}],"curies":[{"name":"wp","href":"https:\/\/api.w.org\/{rel}","templated":true}]}}