{"id":690143,"date":"2026-04-30T17:46:04","date_gmt":"2026-04-30T17:46:04","guid":{"rendered":"https:\/\/microscopemedia.com\/?p=690143"},"modified":"2026-04-30T17:46:04","modified_gmt":"2026-04-30T17:46:04","slug":"aur-este-un-partid-extremist-raspunsul-lui-sorin-grindeanu","status":"publish","type":"post","link":"https:\/\/microscopemedia.com\/?p=690143","title":{"rendered":"\u201eAUR este un partid extremist? \u201d. R\u0103spunsul lui Sorin Grindeanu"},"content":{"rendered":"<div><img decoding=\"async\" src=\"https:\/\/microscopemedia.com\/wp-content\/uploads\/2026\/04\/aur-este-un-partid-extremist-raspunsul-lui-sorin-grindeanu.jpg\" class=\"ff-og-image-inserted\"><\/div>\n<p id=\"p-0\">Sorin Grindeanu a fost \u00eentrebat, joi seara, la Antena 3 CNN dac\u0103 \u201eAUR este un partid extremist\u201d, moderatoarea cer\u00e2ndu-i s\u0103 r\u0103spund\u0103 cu \u201eda\u201d sau \u201enu\u201d.<\/p>\n<p id=\"p-1\">\u201eNu sunt un om care fuge de r\u0103spunsuri. Am v\u0103zut \u00eenainte de aceast\u0103 mo\u021biune comun\u0103 semnat\u0103 de parlamentari, PSD-AUR \u00een special, dar la care au venit \u0219i al\u021bii, tot felul de ziceri dinspre Ilie Bolojan, dinspre Dominic Fritz, dinspre reprezentan\u021bei PNL \u0219i USR, ni\u0219te bezele aruncate c\u0103tre cei de AUR \u00een dorin\u021ba de a-i atrage de partea lor. Nu e treaba mea s\u0103 fac caracteriz\u0103ri vizavi de un partid sau altul. Ce am f\u0103cut eu, \u00eempreun\u0103 cu colegii mei, este urm\u0103torul lucru: am f\u0103cut un demers parlamentar, care s-a dovedit a fi, p\u00e2n\u0103 acum, unul cu sus\u021binere, av\u00e2nd \u00een vedere c\u0103 sunt 254 de semn\u0103turi str\u00e2nse pe aceast\u0103 mo\u021biune\u201d, a spus Grindeanu.<\/p>\n<p id=\"p-2\">Sorin Grindeanu a precizat c\u0103 nu s-a dat vot la consultare \u0219i despre o colaborare cu AUR, dar pentru c\u0103 \u0219i AUR dorea s\u0103 depun\u0103 o mo\u021biune de cenzur\u0103, s-a considerat c\u0103 exista riscul ca aceste dou\u0103 mo\u021biuni s\u0103 se anihileze reciproc.<\/p>\n<p id=\"p-3\">Moderatoarea a insistat c\u0103 \u00eentrebarea a fost alta, adic\u0103 dac\u0103 \u201eAUr este un partid extremist sau nu\u201d. Pre\u0219edintele PSD a spus c\u0103 el crede c\u0103 a r\u0103spuns la \u00eentrebare.<\/p>\n<p id=\"p-4\">\u201eNu fac caracteriz\u0103ri, nici nu fug. E treaba lor\u201d, a mai spus el.<\/p>\n<h2 id=\"chapter-0\">Alt\u0103 \u00eentrebare: Este AUR frecventabil?<\/h2>\n<p id=\"p-5\">Astfel, pentru c\u0103 nu a r\u0103spuns, moderatoarea a schimbat \u00eentrebarea \u00een \u201eAUR este un partid frecventabil?\u201d. Nici de aceast\u0103 dat\u0103, Grindeanu nu a dat un r\u0103spuns cu \u201eda\u201d sau \u201enu\u201d. El a r\u0103spuns: \u201eAUR a fost votat de c\u0103tre cet\u0103\u021benii. E al doilea partid din Rom\u00e2nia. PSD n-a f\u0103cut \u00een\u021belegeri, nici m\u0103car la buget, c\u00e2nd era foarte simplu s\u0103 facem acest lucru. V\u0103 aduce\u021bi aminte de pachetul de solidaritate? V\u0103 aduce\u021bi aminte de pachetul pentru rom\u00e2nii cu venituri mici, \u0219i anume pensii \u00een special pentru rom\u00e2nii cu dizabilit\u0103\u021bi? Toate aceste lucruri n-au fost finan\u021bate de c\u0103tre guvern. \u0218i atunci, prin pachetul de solidaritate, noi am \u00eencercat s\u0103 corect\u0103m lucrurile \u00een Parlament. Puteam s\u0103 fac o \u00een\u021belegere foarte simpl\u0103\u201d.<\/p>\n<p id=\"p-6\">\u201eDeci e frecventabil AUR?\u201d, a instatat moderatoare.<\/p>\n<p id=\"p-7\">\u201eNu fac caracteriz\u0103ri\u201d, a r\u0103spuns Grindeanu.<\/p>\n<h2 id=\"chapter-1\">De ce nu vrea PSD majoritate cu AUR<\/h2>\n<p id=\"p-8\">.Sorin Grindeanu a fost \u00eentrebat, apoi, de ce nu face PSD o majoritate cu AUR, dac\u0103 el consider\u0103 c\u0103 este un partid \u201efrecventabil\u201d \u0219i este al doilea partid votat \u00een Parlament.<\/p>\n<p id=\"p-9\">\u201eCred c\u0103 ar trebui s\u0103 pornim de la cauze. Explica\u021biile pe care le-am dat inclusiv colegilor mei din Partidul Socialist European, inclusiv ieri, c\u00e2nd am fost la Paris \u0219i am avut \u00eent\u00e2lnire cu omologa mea, pre\u0219edintea Adun\u0103rii Na\u021bionale, \u0219i i-am explicat care este situa\u021bia politic\u0103. S\u0103 \u0219ti\u021bi c\u0103 nu am fi \u00een aceast\u0103 situa\u021bie dac\u0103 Ilie Bolojan \u0219i-ar fi dat demisia. \u00centr-o \u021bar\u0103, \u0219i oamenii au \u00een\u021beles, to\u021bi, at\u00e2ta timp c\u00e2t i-am retras sprijinul politic, \u0219i \u00een Fran\u021ba, \u0219i \u00een Belgea, \u0219i \u00een Germania, \u0219i peste tot, un prim ministru \u00ee\u0219i d\u0103 demisia. \u00cen acest moment nu exist\u0103, nu exist\u0103 o majoritate care s\u0103-l sus\u021bin\u0103. Acest demers este unul parlamentar \u0219i nu exist\u0103 niciun fel de \u00een\u021belegere post-mo\u021biune. \u0218i asta am spus-o \u0219i eu, au spus-o \u0219i ceilal\u021bi semnatari ai acestei mo\u021biuni. \u0218i oric\u00e2t s-ar \u00eencerca s\u0103 se argumenteze cumva c\u0103 exist\u0103 aceast\u0103 \u00een\u021belegere, nu exist\u0103. Am mai spus de asemenea de mai multe ori c\u0103 \u00eemi doresc ca solu\u021bia post-mo\u021biune s\u0103 fie una \u00een interiorul acestor partide care au format \u0219i p\u00e2n\u0103 acum aceast\u0103 majoritate. Asta este ceea ce \u00eemi doresc. De aceea n-am s\u0103 intru \u00een aceast\u0103 capcan\u0103 pe care o \u00eentinde Ilie Bolojan acum, \u201edup\u0103 mine, potopul\u201d. Dac\u0103 el nu mai este prim-ministru, nu mai poate s\u0103 existe nici o variant\u0103 \u00een interior, dup\u0103 logica domniei sale. E fals. Exist\u0103 via\u021b\u0103 \u0219i dup\u0103 Ilie Bolojan prim-ministru\u201d, a mai spus pre\u0219edintele PSD.<\/p>\n","protected":false},"excerpt":{"rendered":"<p>Sorin Grindeanu a fost \u00eentrebat, joi seara, la Antena 3 CNN dac\u0103 \u201eAUR este un partid extremist\u201d, moderatoarea cer\u00e2ndu-i s\u0103 r\u0103spund\u0103 cu \u201eda\u201d sau \u201enu\u201d. \u201eNu sunt un om care &hellip; <a href=\"https:\/\/microscopemedia.com\/?p=690143\" class=\"more-link\">Read More<\/a><\/p>\n","protected":false},"author":1,"featured_media":690144,"comment_status":"closed","ping_status":"closed","sticky":false,"template":"Default","format":"standard","meta":[],"categories":[1],"tags":[],"_links":{"self":[{"href":"https:\/\/microscopemedia.com\/index.php?rest_route=\/wp\/v2\/posts\/690143"}],"collection":[{"href":"https:\/\/microscopemedia.com\/index.php?rest_route=\/wp\/v2\/posts"}],"about":[{"href":"https:\/\/microscopemedia.com\/index.php?rest_route=\/wp\/v2\/types\/post"}],"author":[{"embeddable":true,"href":"https:\/\/microscopemedia.com\/index.php?rest_route=\/wp\/v2\/users\/1"}],"replies":[{"embeddable":true,"href":"https:\/\/microscopemedia.com\/index.php?rest_route=%2Fwp%2Fv2%2Fcomments&post=690143"}],"version-history":[{"count":0,"href":"https:\/\/microscopemedia.com\/index.php?rest_route=\/wp\/v2\/posts\/690143\/revisions"}],"wp:featuredmedia":[{"embeddable":true,"href":"https:\/\/microscopemedia.com\/index.php?rest_route=\/wp\/v2\/media\/690144"}],"wp:attachment":[{"href":"https:\/\/microscopemedia.com\/index.php?rest_route=%2Fwp%2Fv2%2Fmedia&parent=690143"}],"wp:term":[{"taxonomy":"category","embeddable":true,"href":"https:\/\/microscopemedia.com\/index.php?rest_route=%2Fwp%2Fv2%2Fcategories&post=690143"},{"taxonomy":"post_tag","embeddable":true,"href":"https:\/\/microscopemedia.com\/index.php?rest_route=%2Fwp%2Fv2%2Ftags&post=690143"}],"curies":[{"name":"wp","href":"https:\/\/api.w.org\/{rel}","templated":true}]}}